{"id":11227,"date":"2012-07-31T11:56:26","date_gmt":"2012-07-31T09:56:26","guid":{"rendered":"https:\/\/grapplingbloggen.se\/?p=11227"},"modified":"2012-08-14T07:18:28","modified_gmt":"2012-08-14T05:18:28","slug":"svensk-sommar-den-finaste-dagen-pa-hela-aret","status":"publish","type":"post","link":"https:\/\/grapplingbloggen.se\/?p=11227","title":{"rendered":"Svensk sommar&#8230; Den finaste dagen p\u00e5 hela \u00e5ret."},"content":{"rendered":"<p>Jag \u00e4r fortfarande i Lysekil. Kurerar min inflammerade axel, v\u00e4ntar p\u00e5 sommarl\u00e4ger och f\u00f6rhoppningsvis \u00a0\u00e5terkomsten av f\u00f6rra veckans underbara h\u00f6gsommarv\u00e4rme.<\/p>\n<p>V\u00e4dergudarna \u00e4r inte gener\u00f6sa n\u00e5nstans h\u00e4r p\u00e5 v\u00e4stkusten. Det pendlar r\u00e4tt friskt mellan regn och sm\u00e5 solglimtar d\u00e5 och d\u00e5 som man missar om man r\u00e5kar g\u00e4spa. Inatt har det bl\u00e5st s\u00e5 mycket att jag dr\u00f6mt mardr\u00f6mmar om den inledande scenen i Trollkarlen fr\u00e5n Oz. I min dr\u00f6m \u00e4r det dock v\u00e5r husvagn tillsammans med flera andra husvagnar fr\u00e5n campingen som flyger h\u00f6gt i vinden mot landet Oz. N\u00e5nstans i dr\u00f6mmen kommer jag p\u00e5 mig sj\u00e4lv med att undra om det finns en matta man kan rulla p\u00e5 i landet Oz. Helt pl\u00f6tsligt absorberas min mina tankar i dr\u00f6mmen av hur jag ska l\u00f6sa det med tr\u00e4ning i Oz. Jag kommer fram till att det nog m\u00e5ste finnas BJJ \u00e4ven d\u00e4r och i v\u00e4rsta fall f\u00e5 jag v\u00e4l kasta ihop dynorna i husvagnen och rulla p\u00e5 dem. Det l\u00f6ser sig nog t\u00e4nker jag i dr\u00f6mmen. \u00a0En enkel slutsats att dra av den h\u00e4r m\u00e4rkliga dr\u00f6mmen \u00e4r att det \u00e4r p\u00e5 tok f\u00f6r l\u00e4nge sen jag rullade. En vecka n\u00e4rmare best\u00e4mt och d\u00e5 var det handikappsrull med trasigt ben och m\u00e5nga begr\u00e4nsingar. Ett ordentligt pass minns jag knappt hur l\u00e4nge sen det var. Det \u00e4r helt klart dags f\u00f6r lite sommarl\u00e4ger s\u00e5 jag kan stilla abstinensen. Jag ser verkligen fram emot tv\u00e5 dagar med grym tr\u00e4ning. Ska bli riktigt riktigt kul att tr\u00e4na med Renato och Teta igen men \u00e4ven testa lite annat sm\u00e5tt och gott som brukar erbjudas p\u00e5 l\u00e4gret.<\/p>\n<p>Fram tills l\u00e4gret b\u00f6rjar skall vi vara kvar i Lysekil; styrketr\u00e4na, springa och ladda inf\u00f6r helgens \u00e4ventyr.<\/p>\n<p>&nbsp;<\/p>\n<p><img loading=\"lazy\" decoding=\"async\" class=\"size-medium wp-image-11228 alignleft\" src=\"https:\/\/grapplingbloggen.se\/wp-content\/uploads\/2012\/07\/IMAG0522-225x300.jpg\" alt=\"\" width=\"225\" height=\"300\" srcset=\"https:\/\/grapplingbloggen.se\/wp-content\/uploads\/2012\/07\/IMAG0522-225x300.jpg 225w, https:\/\/grapplingbloggen.se\/wp-content\/uploads\/2012\/07\/IMAG0522-771x1024.jpg 771w, https:\/\/grapplingbloggen.se\/wp-content\/uploads\/2012\/07\/IMAG0522.jpg 1952w\" sizes=\"auto, (max-width: 225px) 100vw, 225px\" \/><\/p>\n<div>\n<p>ig\u00e5r var vi p\u00e5 grottexpedition i Lyse. Hur roligt som helst \u00e5 kl\u00e4ttra p\u00e5 klippor, krypa \u00a0igenom tr\u00e5nga utrymmen och leka som man vore 5 \u00e5r gammal. Rekomenderas \ud83d\ude00<\/p>\n<p>&nbsp;<\/p>\n<p>Vi ses p\u00e5 mattan<\/p>\n<p>\/diana<\/p>\n<p>&nbsp;<\/p>\n<\/div>\n","protected":false},"excerpt":{"rendered":"<p>Jag \u00e4r fortfarande i Lysekil. Kurerar min inflammerade axel, v\u00e4ntar p\u00e5 sommarl\u00e4ger och f\u00f6rhoppningsvis \u00a0\u00e5terkomsten av f\u00f6rra veckans underbara h\u00f6gsommarv\u00e4rme. V\u00e4dergudarna \u00e4r inte gener\u00f6sa n\u00e5nstans h\u00e4r p\u00e5 v\u00e4stkusten. Det pendlar r\u00e4tt friskt mellan regn och sm\u00e5 solglimtar d\u00e5 och d\u00e5 som man missar om man r\u00e5kar g\u00e4spa. Inatt har det bl\u00e5st s\u00e5 mycket att jag&hellip;<\/p>\n","protected":false},"author":24,"featured_media":0,"comment_status":"open","ping_status":"closed","sticky":false,"template":"","format":"standard","meta":{"footnotes":""},"categories":[175,242],"tags":[],"class_list":{"0":"post-11227","1":"post","2":"type-post","3":"status-publish","4":"format-standard","6":"category-bloggar","7":"category-diana-kajic","8":"wrapper-post entry","9":"no-post-thumbnail","10":"wrapper-post-text"},"yoast_head":"<!-- This site is optimized with the Yoast SEO plugin v27.4 - https:\/\/yoast.com\/product\/yoast-seo-wordpress\/ -->\n<title>Svensk sommar... Den finaste dagen p\u00e5 hela \u00e5ret. - Grapplingbloggen<\/title>\n<meta name=\"robots\" content=\"index, follow, max-snippet:-1, max-image-preview:large, max-video-preview:-1\" \/>\n<link rel=\"canonical\" href=\"https:\/\/grapplingbloggen.se\/?p=11227\" \/>\n<meta name=\"twitter:card\" content=\"summary_large_image\" \/>\n<meta name=\"twitter:title\" content=\"Svensk sommar... Den finaste dagen p\u00e5 hela \u00e5ret. - Grapplingbloggen\" \/>\n<meta name=\"twitter:description\" content=\"Jag \u00e4r fortfarande i Lysekil. Kurerar min inflammerade axel, v\u00e4ntar p\u00e5 sommarl\u00e4ger och f\u00f6rhoppningsvis \u00a0\u00e5terkomsten av f\u00f6rra veckans underbara h\u00f6gsommarv\u00e4rme. V\u00e4dergudarna \u00e4r inte gener\u00f6sa n\u00e5nstans h\u00e4r p\u00e5 v\u00e4stkusten. Det pendlar r\u00e4tt friskt mellan regn och sm\u00e5 solglimtar d\u00e5 och d\u00e5 som man missar om man r\u00e5kar g\u00e4spa. Inatt har det bl\u00e5st s\u00e5 mycket att jag&hellip;\" \/>\n<meta name=\"twitter:image\" content=\"https:\/\/grapplingbloggen.se\/wp-content\/uploads\/2012\/07\/IMAG0522.jpg\" \/>\n<meta name=\"twitter:label1\" content=\"Skriven av\" \/>\n\t<meta name=\"twitter:data1\" content=\"Diana Kajic\" \/>\n\t<meta name=\"twitter:label2\" content=\"Ber\u00e4knad l\u00e4stid\" \/>\n\t<meta name=\"twitter:data2\" content=\"2 minuter\" \/>\n<script type=\"application\/ld+json\" class=\"yoast-schema-graph\">{\"@context\":\"https:\\\/\\\/schema.org\",\"@graph\":[{\"@type\":\"Article\",\"@id\":\"https:\\\/\\\/grapplingbloggen.se\\\/?p=11227#article\",\"isPartOf\":{\"@id\":\"https:\\\/\\\/grapplingbloggen.se\\\/?p=11227\"},\"author\":{\"name\":\"Diana Kajic\",\"@id\":\"https:\\\/\\\/grapplingbloggen.se\\\/#\\\/schema\\\/person\\\/45a3f16c98a8514c8ca774e9b869fcac\"},\"headline\":\"Svensk sommar&#8230; Den finaste dagen p\u00e5 hela \u00e5ret.\",\"datePublished\":\"2012-07-31T09:56:26+00:00\",\"dateModified\":\"2012-08-14T05:18:28+00:00\",\"mainEntityOfPage\":{\"@id\":\"https:\\\/\\\/grapplingbloggen.se\\\/?p=11227\"},\"wordCount\":379,\"commentCount\":2,\"publisher\":{\"@id\":\"https:\\\/\\\/grapplingbloggen.se\\\/#organization\"},\"image\":{\"@id\":\"https:\\\/\\\/grapplingbloggen.se\\\/?p=11227#primaryimage\"},\"thumbnailUrl\":\"https:\\\/\\\/grapplingbloggen.se\\\/wp-content\\\/uploads\\\/2012\\\/07\\\/IMAG0522-225x300.jpg\",\"articleSection\":[\"Bloggar\",\"Diana Kajic\"],\"inLanguage\":\"sv-SE\",\"potentialAction\":[{\"@type\":\"CommentAction\",\"name\":\"Comment\",\"target\":[\"https:\\\/\\\/grapplingbloggen.se\\\/?p=11227#respond\"]}]},{\"@type\":\"WebPage\",\"@id\":\"https:\\\/\\\/grapplingbloggen.se\\\/?p=11227\",\"url\":\"https:\\\/\\\/grapplingbloggen.se\\\/?p=11227\",\"name\":\"Svensk sommar... Den finaste dagen p\u00e5 hela \u00e5ret. - Grapplingbloggen\",\"isPartOf\":{\"@id\":\"https:\\\/\\\/grapplingbloggen.se\\\/#website\"},\"primaryImageOfPage\":{\"@id\":\"https:\\\/\\\/grapplingbloggen.se\\\/?p=11227#primaryimage\"},\"image\":{\"@id\":\"https:\\\/\\\/grapplingbloggen.se\\\/?p=11227#primaryimage\"},\"thumbnailUrl\":\"https:\\\/\\\/grapplingbloggen.se\\\/wp-content\\\/uploads\\\/2012\\\/07\\\/IMAG0522-225x300.jpg\",\"datePublished\":\"2012-07-31T09:56:26+00:00\",\"dateModified\":\"2012-08-14T05:18:28+00:00\",\"breadcrumb\":{\"@id\":\"https:\\\/\\\/grapplingbloggen.se\\\/?p=11227#breadcrumb\"},\"inLanguage\":\"sv-SE\",\"potentialAction\":[{\"@type\":\"ReadAction\",\"target\":[\"https:\\\/\\\/grapplingbloggen.se\\\/?p=11227\"]}]},{\"@type\":\"ImageObject\",\"inLanguage\":\"sv-SE\",\"@id\":\"https:\\\/\\\/grapplingbloggen.se\\\/?p=11227#primaryimage\",\"url\":\"https:\\\/\\\/grapplingbloggen.se\\\/wp-content\\\/uploads\\\/2012\\\/07\\\/IMAG0522.jpg\",\"contentUrl\":\"https:\\\/\\\/grapplingbloggen.se\\\/wp-content\\\/uploads\\\/2012\\\/07\\\/IMAG0522.jpg\",\"width\":\"1952\",\"height\":\"2592\"},{\"@type\":\"BreadcrumbList\",\"@id\":\"https:\\\/\\\/grapplingbloggen.se\\\/?p=11227#breadcrumb\",\"itemListElement\":[{\"@type\":\"ListItem\",\"position\":1,\"name\":\"Hem\",\"item\":\"https:\\\/\\\/grapplingbloggen.se\\\/\"},{\"@type\":\"ListItem\",\"position\":2,\"name\":\"Svensk sommar&#8230; Den finaste dagen p\u00e5 hela \u00e5ret.\"}]},{\"@type\":\"WebSite\",\"@id\":\"https:\\\/\\\/grapplingbloggen.se\\\/#website\",\"url\":\"https:\\\/\\\/grapplingbloggen.se\\\/\",\"name\":\"Grapplingbloggen\",\"description\":\"\",\"publisher\":{\"@id\":\"https:\\\/\\\/grapplingbloggen.se\\\/#organization\"},\"potentialAction\":[{\"@type\":\"SearchAction\",\"target\":{\"@type\":\"EntryPoint\",\"urlTemplate\":\"https:\\\/\\\/grapplingbloggen.se\\\/?s={search_term_string}\"},\"query-input\":{\"@type\":\"PropertyValueSpecification\",\"valueRequired\":true,\"valueName\":\"search_term_string\"}}],\"inLanguage\":\"sv-SE\"},{\"@type\":\"Organization\",\"@id\":\"https:\\\/\\\/grapplingbloggen.se\\\/#organization\",\"name\":\"Grapplingbloggen\",\"url\":\"https:\\\/\\\/grapplingbloggen.se\\\/\",\"logo\":{\"@type\":\"ImageObject\",\"inLanguage\":\"sv-SE\",\"@id\":\"https:\\\/\\\/grapplingbloggen.se\\\/#\\\/schema\\\/logo\\\/image\\\/\",\"url\":\"https:\\\/\\\/grapplingbloggen.se\\\/wp-content\\\/uploads\\\/2017\\\/04\\\/cropped-grapplingbloggen-logo-2017-v2.png\",\"contentUrl\":\"https:\\\/\\\/grapplingbloggen.se\\\/wp-content\\\/uploads\\\/2017\\\/04\\\/cropped-grapplingbloggen-logo-2017-v2.png\",\"width\":570,\"height\":110,\"caption\":\"Grapplingbloggen\"},\"image\":{\"@id\":\"https:\\\/\\\/grapplingbloggen.se\\\/#\\\/schema\\\/logo\\\/image\\\/\"}},{\"@type\":\"Person\",\"@id\":\"https:\\\/\\\/grapplingbloggen.se\\\/#\\\/schema\\\/person\\\/45a3f16c98a8514c8ca774e9b869fcac\",\"name\":\"Diana Kajic\",\"image\":{\"@type\":\"ImageObject\",\"inLanguage\":\"sv-SE\",\"@id\":\"https:\\\/\\\/secure.gravatar.com\\\/avatar\\\/eaedc2ab7441b9e17ee8c6aa3e2d9a2a014f4aa1027521917c66a30e7291212b?s=96&d=mm&r=g\",\"url\":\"https:\\\/\\\/secure.gravatar.com\\\/avatar\\\/eaedc2ab7441b9e17ee8c6aa3e2d9a2a014f4aa1027521917c66a30e7291212b?s=96&d=mm&r=g\",\"contentUrl\":\"https:\\\/\\\/secure.gravatar.com\\\/avatar\\\/eaedc2ab7441b9e17ee8c6aa3e2d9a2a014f4aa1027521917c66a30e7291212b?s=96&d=mm&r=g\",\"caption\":\"Diana Kajic\"},\"url\":\"https:\\\/\\\/grapplingbloggen.se\\\/?author=24\"}]}<\/script>\n<!-- \/ Yoast SEO plugin. -->","yoast_head_json":{"title":"Svensk sommar... Den finaste dagen p\u00e5 hela \u00e5ret. - Grapplingbloggen","robots":{"index":"index","follow":"follow","max-snippet":"max-snippet:-1","max-image-preview":"max-image-preview:large","max-video-preview":"max-video-preview:-1"},"canonical":"https:\/\/grapplingbloggen.se\/?p=11227","twitter_card":"summary_large_image","twitter_title":"Svensk sommar... Den finaste dagen p\u00e5 hela \u00e5ret. - Grapplingbloggen","twitter_description":"Jag \u00e4r fortfarande i Lysekil. Kurerar min inflammerade axel, v\u00e4ntar p\u00e5 sommarl\u00e4ger och f\u00f6rhoppningsvis \u00a0\u00e5terkomsten av f\u00f6rra veckans underbara h\u00f6gsommarv\u00e4rme. V\u00e4dergudarna \u00e4r inte gener\u00f6sa n\u00e5nstans h\u00e4r p\u00e5 v\u00e4stkusten. Det pendlar r\u00e4tt friskt mellan regn och sm\u00e5 solglimtar d\u00e5 och d\u00e5 som man missar om man r\u00e5kar g\u00e4spa. Inatt har det bl\u00e5st s\u00e5 mycket att jag&hellip;","twitter_image":"https:\/\/grapplingbloggen.se\/wp-content\/uploads\/2012\/07\/IMAG0522.jpg","twitter_misc":{"Skriven av":"Diana Kajic","Ber\u00e4knad l\u00e4stid":"2 minuter"},"schema":{"@context":"https:\/\/schema.org","@graph":[{"@type":"Article","@id":"https:\/\/grapplingbloggen.se\/?p=11227#article","isPartOf":{"@id":"https:\/\/grapplingbloggen.se\/?p=11227"},"author":{"name":"Diana Kajic","@id":"https:\/\/grapplingbloggen.se\/#\/schema\/person\/45a3f16c98a8514c8ca774e9b869fcac"},"headline":"Svensk sommar&#8230; Den finaste dagen p\u00e5 hela \u00e5ret.","datePublished":"2012-07-31T09:56:26+00:00","dateModified":"2012-08-14T05:18:28+00:00","mainEntityOfPage":{"@id":"https:\/\/grapplingbloggen.se\/?p=11227"},"wordCount":379,"commentCount":2,"publisher":{"@id":"https:\/\/grapplingbloggen.se\/#organization"},"image":{"@id":"https:\/\/grapplingbloggen.se\/?p=11227#primaryimage"},"thumbnailUrl":"https:\/\/grapplingbloggen.se\/wp-content\/uploads\/2012\/07\/IMAG0522-225x300.jpg","articleSection":["Bloggar","Diana Kajic"],"inLanguage":"sv-SE","potentialAction":[{"@type":"CommentAction","name":"Comment","target":["https:\/\/grapplingbloggen.se\/?p=11227#respond"]}]},{"@type":"WebPage","@id":"https:\/\/grapplingbloggen.se\/?p=11227","url":"https:\/\/grapplingbloggen.se\/?p=11227","name":"Svensk sommar... Den finaste dagen p\u00e5 hela \u00e5ret. - Grapplingbloggen","isPartOf":{"@id":"https:\/\/grapplingbloggen.se\/#website"},"primaryImageOfPage":{"@id":"https:\/\/grapplingbloggen.se\/?p=11227#primaryimage"},"image":{"@id":"https:\/\/grapplingbloggen.se\/?p=11227#primaryimage"},"thumbnailUrl":"https:\/\/grapplingbloggen.se\/wp-content\/uploads\/2012\/07\/IMAG0522-225x300.jpg","datePublished":"2012-07-31T09:56:26+00:00","dateModified":"2012-08-14T05:18:28+00:00","breadcrumb":{"@id":"https:\/\/grapplingbloggen.se\/?p=11227#breadcrumb"},"inLanguage":"sv-SE","potentialAction":[{"@type":"ReadAction","target":["https:\/\/grapplingbloggen.se\/?p=11227"]}]},{"@type":"ImageObject","inLanguage":"sv-SE","@id":"https:\/\/grapplingbloggen.se\/?p=11227#primaryimage","url":"https:\/\/grapplingbloggen.se\/wp-content\/uploads\/2012\/07\/IMAG0522.jpg","contentUrl":"https:\/\/grapplingbloggen.se\/wp-content\/uploads\/2012\/07\/IMAG0522.jpg","width":"1952","height":"2592"},{"@type":"BreadcrumbList","@id":"https:\/\/grapplingbloggen.se\/?p=11227#breadcrumb","itemListElement":[{"@type":"ListItem","position":1,"name":"Hem","item":"https:\/\/grapplingbloggen.se\/"},{"@type":"ListItem","position":2,"name":"Svensk sommar&#8230; Den finaste dagen p\u00e5 hela \u00e5ret."}]},{"@type":"WebSite","@id":"https:\/\/grapplingbloggen.se\/#website","url":"https:\/\/grapplingbloggen.se\/","name":"Grapplingbloggen","description":"","publisher":{"@id":"https:\/\/grapplingbloggen.se\/#organization"},"potentialAction":[{"@type":"SearchAction","target":{"@type":"EntryPoint","urlTemplate":"https:\/\/grapplingbloggen.se\/?s={search_term_string}"},"query-input":{"@type":"PropertyValueSpecification","valueRequired":true,"valueName":"search_term_string"}}],"inLanguage":"sv-SE"},{"@type":"Organization","@id":"https:\/\/grapplingbloggen.se\/#organization","name":"Grapplingbloggen","url":"https:\/\/grapplingbloggen.se\/","logo":{"@type":"ImageObject","inLanguage":"sv-SE","@id":"https:\/\/grapplingbloggen.se\/#\/schema\/logo\/image\/","url":"https:\/\/grapplingbloggen.se\/wp-content\/uploads\/2017\/04\/cropped-grapplingbloggen-logo-2017-v2.png","contentUrl":"https:\/\/grapplingbloggen.se\/wp-content\/uploads\/2017\/04\/cropped-grapplingbloggen-logo-2017-v2.png","width":570,"height":110,"caption":"Grapplingbloggen"},"image":{"@id":"https:\/\/grapplingbloggen.se\/#\/schema\/logo\/image\/"}},{"@type":"Person","@id":"https:\/\/grapplingbloggen.se\/#\/schema\/person\/45a3f16c98a8514c8ca774e9b869fcac","name":"Diana Kajic","image":{"@type":"ImageObject","inLanguage":"sv-SE","@id":"https:\/\/secure.gravatar.com\/avatar\/eaedc2ab7441b9e17ee8c6aa3e2d9a2a014f4aa1027521917c66a30e7291212b?s=96&d=mm&r=g","url":"https:\/\/secure.gravatar.com\/avatar\/eaedc2ab7441b9e17ee8c6aa3e2d9a2a014f4aa1027521917c66a30e7291212b?s=96&d=mm&r=g","contentUrl":"https:\/\/secure.gravatar.com\/avatar\/eaedc2ab7441b9e17ee8c6aa3e2d9a2a014f4aa1027521917c66a30e7291212b?s=96&d=mm&r=g","caption":"Diana Kajic"},"url":"https:\/\/grapplingbloggen.se\/?author=24"}]}},"_links":{"self":[{"href":"https:\/\/grapplingbloggen.se\/index.php?rest_route=\/wp\/v2\/posts\/11227","targetHints":{"allow":["GET"]}}],"collection":[{"href":"https:\/\/grapplingbloggen.se\/index.php?rest_route=\/wp\/v2\/posts"}],"about":[{"href":"https:\/\/grapplingbloggen.se\/index.php?rest_route=\/wp\/v2\/types\/post"}],"author":[{"embeddable":true,"href":"https:\/\/grapplingbloggen.se\/index.php?rest_route=\/wp\/v2\/users\/24"}],"replies":[{"embeddable":true,"href":"https:\/\/grapplingbloggen.se\/index.php?rest_route=%2Fwp%2Fv2%2Fcomments&post=11227"}],"version-history":[{"count":0,"href":"https:\/\/grapplingbloggen.se\/index.php?rest_route=\/wp\/v2\/posts\/11227\/revisions"}],"wp:attachment":[{"href":"https:\/\/grapplingbloggen.se\/index.php?rest_route=%2Fwp%2Fv2%2Fmedia&parent=11227"}],"wp:term":[{"taxonomy":"category","embeddable":true,"href":"https:\/\/grapplingbloggen.se\/index.php?rest_route=%2Fwp%2Fv2%2Fcategories&post=11227"},{"taxonomy":"post_tag","embeddable":true,"href":"https:\/\/grapplingbloggen.se\/index.php?rest_route=%2Fwp%2Fv2%2Ftags&post=11227"}],"curies":[{"name":"wp","href":"https:\/\/api.w.org\/{rel}","templated":true}]}}