{"id":12753,"date":"2013-01-31T15:42:06","date_gmt":"2013-01-31T14:42:06","guid":{"rendered":"https:\/\/grapplingbloggen.se\/?p=12753"},"modified":"2013-01-31T15:47:51","modified_gmt":"2013-01-31T14:47:51","slug":"intervju-max-lindblad-efter-european-open-2013","status":"publish","type":"post","link":"https:\/\/grapplingbloggen.se\/?p=12753","title":{"rendered":"Intervju: Max Lindblad efter European Open 2013"},"content":{"rendered":"<p><b><a href=\"https:\/\/grapplingbloggen.se\/wp-content\/uploads\/2013\/01\/Max_Lindblad_1.jpg\"><img loading=\"lazy\" decoding=\"async\" class=\"alignnone size-full wp-image-12755\" alt=\"Max_Lindblad_1\" src=\"https:\/\/grapplingbloggen.se\/wp-content\/uploads\/2013\/01\/Max_Lindblad_1.jpg\" width=\"500\" height=\"334\" srcset=\"https:\/\/grapplingbloggen.se\/wp-content\/uploads\/2013\/01\/Max_Lindblad_1.jpg 600w, https:\/\/grapplingbloggen.se\/wp-content\/uploads\/2013\/01\/Max_Lindblad_1-300x200.jpg 300w, https:\/\/grapplingbloggen.se\/wp-content\/uploads\/2013\/01\/Max_Lindblad_1-109x72.jpg 109w\" sizes=\"auto, (max-width: 500px) 100vw, 500px\" \/><\/a><\/b><\/p>\n<p><strong>Grattis till guldmedaljen. Hur k\u00e4nns det nu efter Europen Open 2013?<\/strong><br \/>\nDet k\u00e4nns j\u00e4ttebra. Direkt efter \u00e5t var jag lite besviken f\u00f6r att jag \u00e5kte ut i f\u00f6rsta matchen i \u00f6ppna viktklassen, men nu s\u00e5 h\u00e4r n\u00e5gra dagar efter k\u00e4nns det sk\u00f6nt att kammat hem ett guld i en IBJJF turnering f\u00f6r f\u00f6rsta g\u00e5ngen.<\/p>\n<p><b>Hur har din tr\u00e4ning sett ut inf\u00f6r European Open?<br \/>\n<\/b>Jag har tr\u00e4nat 2-3 pass om dagen, det har varit mycket sparring och positions sparring. Vi har \u00e4ven jobbat mycket p\u00e5 v\u00e5ra favorit tekniker. Men framf\u00f6r allt har vi sparrats mycket, m\u00e5nga korta h\u00e5rda byten. F\u00f6rdelningen p\u00e5 passen har oftast varit ett jiu jitsu pass p\u00e5 morgonen, fys runt lunch och sedan ett pass p\u00e5 kv\u00e4llen.<\/p>\n<p><b>Kan du ber\u00e4tta om dina matcher som ledde fram till guldet?<br \/>\n<\/b>F\u00f6rsta matchen gick jag mot en h\u00e5rd finne efter lite svep fram och tillbaka s\u00e5 slutade matchen 4-2 till mig.<b> <\/b>Andra matchen vann jag ganska snabbt p\u00e5 en triangel. Tredje matchen var \u00e4ven den var h\u00e5rd men jag lyckades b\u00e5de svepa och passera. Fj\u00e4rde matchen s\u00e5 fick jag ryggen p\u00e5 killen halvv\u00e4gs in i matchen och lyckades strypa honom.<b> <\/b>Semifinalen var ett 50\/50 krig med f\u00f6rdelar till h\u00f6ger och v\u00e4nster.\u00a0 4-2 slutade \u00e4ven den matchen.<b> <\/b>I finalen m\u00f6tte jag Horlando Monteiro fr\u00e5n Kimura Nova Uniao. Vi b\u00e5da drar guard samtidigt ,jag s\u00e4tter mig upp f\u00f6r f\u00f6rdelen. Jag tar en eller tv\u00e5 f\u00f6rdelar f\u00f6r passering innan jag blir svept. Efter han sveper mig s\u00e5 k\u00e4nner jag att det finns ett l\u00e4ge f\u00f6r triangeln och lyckas dra in honom i just en triangel.<\/p>\n<p><a href=\"https:\/\/grapplingbloggen.se\/wp-content\/uploads\/2013\/01\/Max_Lindblad_2.jpg\"><img loading=\"lazy\" decoding=\"async\" class=\"alignnone size-full wp-image-12756\" alt=\"Max_Lindblad_2\" src=\"https:\/\/grapplingbloggen.se\/wp-content\/uploads\/2013\/01\/Max_Lindblad_2.jpg\" width=\"306\" height=\"408\" srcset=\"https:\/\/grapplingbloggen.se\/wp-content\/uploads\/2013\/01\/Max_Lindblad_2.jpg 306w, https:\/\/grapplingbloggen.se\/wp-content\/uploads\/2013\/01\/Max_Lindblad_2-225x300.jpg 225w\" sizes=\"auto, (max-width: 306px) 100vw, 306px\" \/><\/a><\/p>\n<p><b>Kenta Hammarstr\u00f6m, din tr\u00e4nare, ber\u00e4ttade f\u00f6r mig att du \u00e4r den f\u00f6rsta svensk som har tagit guld i Herrar Adult Bl\u00e5ttb\u00e4lte -76 kg. M\u00e5ste vara en speciell k\u00e4nsla att vara f\u00f6rst svensk?<br \/>\n<\/b>F\u00f6rsta svensk. Ja, det k\u00e4nns v\u00e4ll bra men det \u00e4r inget jag reflekterat \u00f6ver. F\u00e5r se om jag blir andra svensken att vinna i bl\u00e5tt -76 kg i Abu Dhabi nu i \u00e5r \ud83d\ude09<\/p>\n<p><b>Vad tyckte du om arrangemanget?<br \/>\n<\/b>J\u00e4ttebra, alla viktklasser b\u00f6rjar i tid och allt flyter p\u00e5. \u00c4nda problemet \u00e4r v\u00e4l att det kan vara sv\u00e5rt att coacha och h\u00f6ra sin coach. Avsp\u00e4rrningarna \u00e4r ganska l\u00e5ng fr\u00e5n mattorna och det kan vara sv\u00e5rt att h\u00f6ra vad sin coach skriker. Men i just mitt fall \u00e4r det inga problem d\u00e5 jag har en v\u00e4ldigt h\u00f6gljudd v\u00e4n som kan g\u00f6ra sig h\u00f6rd\u2026 \ud83d\ude09<\/p>\n<p><b>Hur ser resten av ditt t\u00e4vlings\u00e5r ut?<\/b><br \/>\nJag har NOC, World Pro Abu Dhabi och Mundial p\u00e5 min lista som t\u00e4vlingar jag kommer att t\u00e4vla. Men om pl\u00e5nboken till\u00e5ter s\u00e5 kommer jag f\u00f6rs\u00f6ka komma iv\u00e4g p\u00e5 mera t\u00e4vlingar.<\/p>\n<p>Man f\u00e5r aldrig gl\u00f6mma dem som \u00e4r runt en och hj\u00e4lper till och formar en till den man \u00e4r. D\u00e4rf\u00f6r skulle jag vilja ta mig friheten att tack f\u00f6r alla som hj\u00e4lper till s\u00e5 otroligt mycket. Listan kan g\u00f6ras o\u00e4ndligt l\u00e5ng. Men tack alla p\u00e5 klubben f\u00f6r allt. Tack Hans Jesper och Patrik f\u00f6r allt ni g\u00f6r f\u00f6r oss. Tack mor och far f\u00f6r att ni st\u00e5r ut med mig. Men framf\u00f6r allt tack Kenta f\u00f6r alla r\u00e5d all tr\u00e4ning alltihopa.<\/p>\n<p>Vill \u00e4ven h\u00e4lsa till \u00c5sa Stub-Hansen som har det tufft just nu.<\/p>\n","protected":false},"excerpt":{"rendered":"<p>Grattis till guldmedaljen. Hur k\u00e4nns det nu efter Europen Open 2013? Det k\u00e4nns j\u00e4ttebra. Direkt efter \u00e5t var jag lite besviken f\u00f6r att jag \u00e5kte ut i f\u00f6rsta matchen i \u00f6ppna viktklassen, men nu s\u00e5 h\u00e4r n\u00e5gra dagar efter k\u00e4nns det sk\u00f6nt att kammat hem ett guld i en IBJJF turnering f\u00f6r f\u00f6rsta g\u00e5ngen. Hur&hellip;<\/p>\n","protected":false},"author":2,"featured_media":0,"comment_status":"open","ping_status":"closed","sticky":false,"template":"","format":"standard","meta":{"footnotes":""},"categories":[4,18,197],"tags":[291],"class_list":{"0":"post-12753","1":"post","2":"type-post","3":"status-publish","4":"format-standard","6":"category-bjj","7":"category-intervjuer","8":"category-nyheter","9":"tag-max-lindblad","10":"wrapper-post entry","11":"no-post-thumbnail","12":"wrapper-post-text"},"yoast_head":"<!-- This site is optimized with the Yoast SEO plugin v27.5 - https:\/\/yoast.com\/product\/yoast-seo-wordpress\/ -->\n<title>Intervju: Max Lindblad efter European Open 2013 - Grapplingbloggen<\/title>\n<meta name=\"robots\" content=\"index, follow, max-snippet:-1, max-image-preview:large, max-video-preview:-1\" \/>\n<link rel=\"canonical\" href=\"https:\/\/grapplingbloggen.se\/?p=12753\" \/>\n<meta name=\"twitter:card\" content=\"summary_large_image\" \/>\n<meta name=\"twitter:title\" content=\"Intervju: Max Lindblad efter European Open 2013 - Grapplingbloggen\" \/>\n<meta name=\"twitter:description\" content=\"Grattis till guldmedaljen. Hur k\u00e4nns det nu efter Europen Open 2013? Det k\u00e4nns j\u00e4ttebra. Direkt efter \u00e5t var jag lite besviken f\u00f6r att jag \u00e5kte ut i f\u00f6rsta matchen i \u00f6ppna viktklassen, men nu s\u00e5 h\u00e4r n\u00e5gra dagar efter k\u00e4nns det sk\u00f6nt att kammat hem ett guld i en IBJJF turnering f\u00f6r f\u00f6rsta g\u00e5ngen. Hur&hellip;\" \/>\n<meta name=\"twitter:image\" content=\"https:\/\/grapplingbloggen.se\/wp-content\/uploads\/2013\/01\/Max_Lindblad_1.jpg\" \/>\n<meta name=\"twitter:label1\" content=\"Skriven av\" \/>\n\t<meta name=\"twitter:data1\" content=\"Daniel Rosendahl\" \/>\n\t<meta name=\"twitter:label2\" content=\"Ber\u00e4knad l\u00e4stid\" \/>\n\t<meta name=\"twitter:data2\" content=\"3 minuter\" \/>\n<script type=\"application\/ld+json\" class=\"yoast-schema-graph\">{\"@context\":\"https:\\\/\\\/schema.org\",\"@graph\":[{\"@type\":\"Article\",\"@id\":\"https:\\\/\\\/grapplingbloggen.se\\\/?p=12753#article\",\"isPartOf\":{\"@id\":\"https:\\\/\\\/grapplingbloggen.se\\\/?p=12753\"},\"author\":{\"name\":\"Daniel Rosendahl\",\"@id\":\"https:\\\/\\\/grapplingbloggen.se\\\/#\\\/schema\\\/person\\\/59368c54a5e3f2e3adeea43bc97002c8\"},\"headline\":\"Intervju: Max Lindblad efter European Open 2013\",\"datePublished\":\"2013-01-31T14:42:06+00:00\",\"dateModified\":\"2013-01-31T14:47:51+00:00\",\"mainEntityOfPage\":{\"@id\":\"https:\\\/\\\/grapplingbloggen.se\\\/?p=12753\"},\"wordCount\":632,\"commentCount\":1,\"publisher\":{\"@id\":\"https:\\\/\\\/grapplingbloggen.se\\\/#organization\"},\"image\":{\"@id\":\"https:\\\/\\\/grapplingbloggen.se\\\/?p=12753#primaryimage\"},\"thumbnailUrl\":\"https:\\\/\\\/grapplingbloggen.se\\\/wp-content\\\/uploads\\\/2013\\\/01\\\/Max_Lindblad_1.jpg\",\"keywords\":[\"Max Lindblad\"],\"articleSection\":[\"BJJ\",\"Intervjuer\",\"Nyheter\"],\"inLanguage\":\"sv-SE\",\"potentialAction\":[{\"@type\":\"CommentAction\",\"name\":\"Comment\",\"target\":[\"https:\\\/\\\/grapplingbloggen.se\\\/?p=12753#respond\"]}]},{\"@type\":\"WebPage\",\"@id\":\"https:\\\/\\\/grapplingbloggen.se\\\/?p=12753\",\"url\":\"https:\\\/\\\/grapplingbloggen.se\\\/?p=12753\",\"name\":\"Intervju: Max Lindblad efter European Open 2013 - Grapplingbloggen\",\"isPartOf\":{\"@id\":\"https:\\\/\\\/grapplingbloggen.se\\\/#website\"},\"primaryImageOfPage\":{\"@id\":\"https:\\\/\\\/grapplingbloggen.se\\\/?p=12753#primaryimage\"},\"image\":{\"@id\":\"https:\\\/\\\/grapplingbloggen.se\\\/?p=12753#primaryimage\"},\"thumbnailUrl\":\"https:\\\/\\\/grapplingbloggen.se\\\/wp-content\\\/uploads\\\/2013\\\/01\\\/Max_Lindblad_1.jpg\",\"datePublished\":\"2013-01-31T14:42:06+00:00\",\"dateModified\":\"2013-01-31T14:47:51+00:00\",\"breadcrumb\":{\"@id\":\"https:\\\/\\\/grapplingbloggen.se\\\/?p=12753#breadcrumb\"},\"inLanguage\":\"sv-SE\",\"potentialAction\":[{\"@type\":\"ReadAction\",\"target\":[\"https:\\\/\\\/grapplingbloggen.se\\\/?p=12753\"]}]},{\"@type\":\"ImageObject\",\"inLanguage\":\"sv-SE\",\"@id\":\"https:\\\/\\\/grapplingbloggen.se\\\/?p=12753#primaryimage\",\"url\":\"https:\\\/\\\/grapplingbloggen.se\\\/wp-content\\\/uploads\\\/2013\\\/01\\\/Max_Lindblad_1.jpg\",\"contentUrl\":\"https:\\\/\\\/grapplingbloggen.se\\\/wp-content\\\/uploads\\\/2013\\\/01\\\/Max_Lindblad_1.jpg\",\"width\":600,\"height\":400},{\"@type\":\"BreadcrumbList\",\"@id\":\"https:\\\/\\\/grapplingbloggen.se\\\/?p=12753#breadcrumb\",\"itemListElement\":[{\"@type\":\"ListItem\",\"position\":1,\"name\":\"Hem\",\"item\":\"https:\\\/\\\/grapplingbloggen.se\\\/\"},{\"@type\":\"ListItem\",\"position\":2,\"name\":\"Intervju: Max Lindblad efter European Open 2013\"}]},{\"@type\":\"WebSite\",\"@id\":\"https:\\\/\\\/grapplingbloggen.se\\\/#website\",\"url\":\"https:\\\/\\\/grapplingbloggen.se\\\/\",\"name\":\"Grapplingbloggen\",\"description\":\"\",\"publisher\":{\"@id\":\"https:\\\/\\\/grapplingbloggen.se\\\/#organization\"},\"potentialAction\":[{\"@type\":\"SearchAction\",\"target\":{\"@type\":\"EntryPoint\",\"urlTemplate\":\"https:\\\/\\\/grapplingbloggen.se\\\/?s={search_term_string}\"},\"query-input\":{\"@type\":\"PropertyValueSpecification\",\"valueRequired\":true,\"valueName\":\"search_term_string\"}}],\"inLanguage\":\"sv-SE\"},{\"@type\":\"Organization\",\"@id\":\"https:\\\/\\\/grapplingbloggen.se\\\/#organization\",\"name\":\"Grapplingbloggen\",\"url\":\"https:\\\/\\\/grapplingbloggen.se\\\/\",\"logo\":{\"@type\":\"ImageObject\",\"inLanguage\":\"sv-SE\",\"@id\":\"https:\\\/\\\/grapplingbloggen.se\\\/#\\\/schema\\\/logo\\\/image\\\/\",\"url\":\"https:\\\/\\\/grapplingbloggen.se\\\/wp-content\\\/uploads\\\/2017\\\/04\\\/cropped-grapplingbloggen-logo-2017-v2.png\",\"contentUrl\":\"https:\\\/\\\/grapplingbloggen.se\\\/wp-content\\\/uploads\\\/2017\\\/04\\\/cropped-grapplingbloggen-logo-2017-v2.png\",\"width\":570,\"height\":110,\"caption\":\"Grapplingbloggen\"},\"image\":{\"@id\":\"https:\\\/\\\/grapplingbloggen.se\\\/#\\\/schema\\\/logo\\\/image\\\/\"}},{\"@type\":\"Person\",\"@id\":\"https:\\\/\\\/grapplingbloggen.se\\\/#\\\/schema\\\/person\\\/59368c54a5e3f2e3adeea43bc97002c8\",\"name\":\"Daniel Rosendahl\",\"image\":{\"@type\":\"ImageObject\",\"inLanguage\":\"sv-SE\",\"@id\":\"https:\\\/\\\/secure.gravatar.com\\\/avatar\\\/f36e29660179c24c3ea92d445a4ada0dff0ce23106cf47712832fbc16628fdf0?s=96&d=mm&r=g\",\"url\":\"https:\\\/\\\/secure.gravatar.com\\\/avatar\\\/f36e29660179c24c3ea92d445a4ada0dff0ce23106cf47712832fbc16628fdf0?s=96&d=mm&r=g\",\"contentUrl\":\"https:\\\/\\\/secure.gravatar.com\\\/avatar\\\/f36e29660179c24c3ea92d445a4ada0dff0ce23106cf47712832fbc16628fdf0?s=96&d=mm&r=g\",\"caption\":\"Daniel Rosendahl\"},\"description\":\"Startade och driver GrapplingBloggen sen 2009.\",\"sameAs\":[\"https:\\\/\\\/grapplingbloggen.se\"],\"url\":\"https:\\\/\\\/grapplingbloggen.se\\\/?author=2\"}]}<\/script>\n<!-- \/ Yoast SEO plugin. -->","yoast_head_json":{"title":"Intervju: Max Lindblad efter European Open 2013 - Grapplingbloggen","robots":{"index":"index","follow":"follow","max-snippet":"max-snippet:-1","max-image-preview":"max-image-preview:large","max-video-preview":"max-video-preview:-1"},"canonical":"https:\/\/grapplingbloggen.se\/?p=12753","twitter_card":"summary_large_image","twitter_title":"Intervju: Max Lindblad efter European Open 2013 - Grapplingbloggen","twitter_description":"Grattis till guldmedaljen. Hur k\u00e4nns det nu efter Europen Open 2013? Det k\u00e4nns j\u00e4ttebra. Direkt efter \u00e5t var jag lite besviken f\u00f6r att jag \u00e5kte ut i f\u00f6rsta matchen i \u00f6ppna viktklassen, men nu s\u00e5 h\u00e4r n\u00e5gra dagar efter k\u00e4nns det sk\u00f6nt att kammat hem ett guld i en IBJJF turnering f\u00f6r f\u00f6rsta g\u00e5ngen. Hur&hellip;","twitter_image":"https:\/\/grapplingbloggen.se\/wp-content\/uploads\/2013\/01\/Max_Lindblad_1.jpg","twitter_misc":{"Skriven av":"Daniel Rosendahl","Ber\u00e4knad l\u00e4stid":"3 minuter"},"schema":{"@context":"https:\/\/schema.org","@graph":[{"@type":"Article","@id":"https:\/\/grapplingbloggen.se\/?p=12753#article","isPartOf":{"@id":"https:\/\/grapplingbloggen.se\/?p=12753"},"author":{"name":"Daniel Rosendahl","@id":"https:\/\/grapplingbloggen.se\/#\/schema\/person\/59368c54a5e3f2e3adeea43bc97002c8"},"headline":"Intervju: Max Lindblad efter European Open 2013","datePublished":"2013-01-31T14:42:06+00:00","dateModified":"2013-01-31T14:47:51+00:00","mainEntityOfPage":{"@id":"https:\/\/grapplingbloggen.se\/?p=12753"},"wordCount":632,"commentCount":1,"publisher":{"@id":"https:\/\/grapplingbloggen.se\/#organization"},"image":{"@id":"https:\/\/grapplingbloggen.se\/?p=12753#primaryimage"},"thumbnailUrl":"https:\/\/grapplingbloggen.se\/wp-content\/uploads\/2013\/01\/Max_Lindblad_1.jpg","keywords":["Max Lindblad"],"articleSection":["BJJ","Intervjuer","Nyheter"],"inLanguage":"sv-SE","potentialAction":[{"@type":"CommentAction","name":"Comment","target":["https:\/\/grapplingbloggen.se\/?p=12753#respond"]}]},{"@type":"WebPage","@id":"https:\/\/grapplingbloggen.se\/?p=12753","url":"https:\/\/grapplingbloggen.se\/?p=12753","name":"Intervju: Max Lindblad efter European Open 2013 - Grapplingbloggen","isPartOf":{"@id":"https:\/\/grapplingbloggen.se\/#website"},"primaryImageOfPage":{"@id":"https:\/\/grapplingbloggen.se\/?p=12753#primaryimage"},"image":{"@id":"https:\/\/grapplingbloggen.se\/?p=12753#primaryimage"},"thumbnailUrl":"https:\/\/grapplingbloggen.se\/wp-content\/uploads\/2013\/01\/Max_Lindblad_1.jpg","datePublished":"2013-01-31T14:42:06+00:00","dateModified":"2013-01-31T14:47:51+00:00","breadcrumb":{"@id":"https:\/\/grapplingbloggen.se\/?p=12753#breadcrumb"},"inLanguage":"sv-SE","potentialAction":[{"@type":"ReadAction","target":["https:\/\/grapplingbloggen.se\/?p=12753"]}]},{"@type":"ImageObject","inLanguage":"sv-SE","@id":"https:\/\/grapplingbloggen.se\/?p=12753#primaryimage","url":"https:\/\/grapplingbloggen.se\/wp-content\/uploads\/2013\/01\/Max_Lindblad_1.jpg","contentUrl":"https:\/\/grapplingbloggen.se\/wp-content\/uploads\/2013\/01\/Max_Lindblad_1.jpg","width":600,"height":400},{"@type":"BreadcrumbList","@id":"https:\/\/grapplingbloggen.se\/?p=12753#breadcrumb","itemListElement":[{"@type":"ListItem","position":1,"name":"Hem","item":"https:\/\/grapplingbloggen.se\/"},{"@type":"ListItem","position":2,"name":"Intervju: Max Lindblad efter European Open 2013"}]},{"@type":"WebSite","@id":"https:\/\/grapplingbloggen.se\/#website","url":"https:\/\/grapplingbloggen.se\/","name":"Grapplingbloggen","description":"","publisher":{"@id":"https:\/\/grapplingbloggen.se\/#organization"},"potentialAction":[{"@type":"SearchAction","target":{"@type":"EntryPoint","urlTemplate":"https:\/\/grapplingbloggen.se\/?s={search_term_string}"},"query-input":{"@type":"PropertyValueSpecification","valueRequired":true,"valueName":"search_term_string"}}],"inLanguage":"sv-SE"},{"@type":"Organization","@id":"https:\/\/grapplingbloggen.se\/#organization","name":"Grapplingbloggen","url":"https:\/\/grapplingbloggen.se\/","logo":{"@type":"ImageObject","inLanguage":"sv-SE","@id":"https:\/\/grapplingbloggen.se\/#\/schema\/logo\/image\/","url":"https:\/\/grapplingbloggen.se\/wp-content\/uploads\/2017\/04\/cropped-grapplingbloggen-logo-2017-v2.png","contentUrl":"https:\/\/grapplingbloggen.se\/wp-content\/uploads\/2017\/04\/cropped-grapplingbloggen-logo-2017-v2.png","width":570,"height":110,"caption":"Grapplingbloggen"},"image":{"@id":"https:\/\/grapplingbloggen.se\/#\/schema\/logo\/image\/"}},{"@type":"Person","@id":"https:\/\/grapplingbloggen.se\/#\/schema\/person\/59368c54a5e3f2e3adeea43bc97002c8","name":"Daniel Rosendahl","image":{"@type":"ImageObject","inLanguage":"sv-SE","@id":"https:\/\/secure.gravatar.com\/avatar\/f36e29660179c24c3ea92d445a4ada0dff0ce23106cf47712832fbc16628fdf0?s=96&d=mm&r=g","url":"https:\/\/secure.gravatar.com\/avatar\/f36e29660179c24c3ea92d445a4ada0dff0ce23106cf47712832fbc16628fdf0?s=96&d=mm&r=g","contentUrl":"https:\/\/secure.gravatar.com\/avatar\/f36e29660179c24c3ea92d445a4ada0dff0ce23106cf47712832fbc16628fdf0?s=96&d=mm&r=g","caption":"Daniel Rosendahl"},"description":"Startade och driver GrapplingBloggen sen 2009.","sameAs":["https:\/\/grapplingbloggen.se"],"url":"https:\/\/grapplingbloggen.se\/?author=2"}]}},"_links":{"self":[{"href":"https:\/\/grapplingbloggen.se\/index.php?rest_route=\/wp\/v2\/posts\/12753","targetHints":{"allow":["GET"]}}],"collection":[{"href":"https:\/\/grapplingbloggen.se\/index.php?rest_route=\/wp\/v2\/posts"}],"about":[{"href":"https:\/\/grapplingbloggen.se\/index.php?rest_route=\/wp\/v2\/types\/post"}],"author":[{"embeddable":true,"href":"https:\/\/grapplingbloggen.se\/index.php?rest_route=\/wp\/v2\/users\/2"}],"replies":[{"embeddable":true,"href":"https:\/\/grapplingbloggen.se\/index.php?rest_route=%2Fwp%2Fv2%2Fcomments&post=12753"}],"version-history":[{"count":0,"href":"https:\/\/grapplingbloggen.se\/index.php?rest_route=\/wp\/v2\/posts\/12753\/revisions"}],"wp:attachment":[{"href":"https:\/\/grapplingbloggen.se\/index.php?rest_route=%2Fwp%2Fv2%2Fmedia&parent=12753"}],"wp:term":[{"taxonomy":"category","embeddable":true,"href":"https:\/\/grapplingbloggen.se\/index.php?rest_route=%2Fwp%2Fv2%2Fcategories&post=12753"},{"taxonomy":"post_tag","embeddable":true,"href":"https:\/\/grapplingbloggen.se\/index.php?rest_route=%2Fwp%2Fv2%2Ftags&post=12753"}],"curies":[{"name":"wp","href":"https:\/\/api.w.org\/{rel}","templated":true}]}}