{"id":13931,"date":"2013-06-21T10:47:29","date_gmt":"2013-06-21T08:47:29","guid":{"rendered":"https:\/\/grapplingbloggen.se\/?p=13931"},"modified":"2013-06-21T10:47:30","modified_gmt":"2013-06-21T08:47:30","slug":"intervju-sophia-nordeno-efter-fila-vm-2013","status":"publish","type":"post","link":"https:\/\/grapplingbloggen.se\/?p=13931","title":{"rendered":"Intervju: Sophia Norden\u00f6 efter FILA VM 2013"},"content":{"rendered":"<p><b><img loading=\"lazy\" decoding=\"async\" class=\"alignnone size-full wp-image-13935\" alt=\"Sophia_Nordeno_FILA_VM_2013_NoGi\" src=\"https:\/\/grapplingbloggen.se\/wp-content\/uploads\/2013\/06\/Sophia_Nordeno_FILA_VM_2013_NoGi.jpg\" width=\"500\" height=\"312\" srcset=\"https:\/\/grapplingbloggen.se\/wp-content\/uploads\/2013\/06\/Sophia_Nordeno_FILA_VM_2013_NoGi.jpg 600w, https:\/\/grapplingbloggen.se\/wp-content\/uploads\/2013\/06\/Sophia_Nordeno_FILA_VM_2013_NoGi-300x187.jpg 300w\" sizes=\"auto, (max-width: 500px) 100vw, 500px\" \/><br \/>\n<\/b>Sophia lyfts upp av Ida Hansson.<b><br \/>\n<\/b><\/p>\n<p><strong>Grattis till guld- och silvermedaljen i -64 kg i No-Gi och Gi Grappling p\u00e5 FILA VM 2013, hur k\u00e4nns det?<\/strong><br \/>\nDet k\u00e4nns helt fantastiskt! Helt galet med tanke p\u00e5 att jag skadades i slutet av oktober f\u00f6rra \u00e5ret och inte kunde tr\u00e4na p\u00e5 n\u00e5gra m\u00e5nader.<\/p>\n<p><b>Kan du ber\u00e4tta lite om VM-matcherna?<\/b><br \/>\nMatcherna jag gick avgjorde jag fr\u00e4mst p\u00e5 arml\u00e5s och axell\u00e5s fr\u00e5n guard. Det var tuffa matcher och framf\u00f6rallt ovant att m\u00f6ta tjejer med brottarbakgrund som har ett lite annat game \u00e4n vad man \u00e4r van vid.<\/p>\n<p><b>Du skadade dig under FILA VM 2012, hur har rehaben g\u00e5tt?<\/b><br \/>\nJag har sedan skadan haft en bra sjukgymnast som hj\u00e4lpt mig med rehaben vilket har varit tacksamt, samt Att bra tr\u00e4nare och v\u00e4nner p\u00e5 klubben st\u00f6ttat mig. jag kom tillbaka till mattan i slutet p\u00e5 januari och tack vare alla p\u00e5 klubben har jag kunnat komma tillbaka 100 procent!<\/p>\n<p><b>Hur har din tr\u00e4nings sett ut inf\u00f6r FILA VM?<\/b><br \/>\nJag har inte \u00e4ndrat n\u00e5gon tr\u00e4ning v\u00e4sentligt utan har k\u00f6rt p\u00e5 med ungef\u00e4r 7-9 blandade pass i veckan samt att jag dundrat p\u00e5 lite mer i sparringen.<\/p>\n<p><b>I och med silvermedaljen i Gi Grappling s\u00e5 kvalade du in till SportAccord World Combat Games som g\u00e5r i Ryssland i h\u00f6st, hur k\u00e4nns det?<\/b><br \/>\nDet ska bli superkul att f\u00e5 \u00e5ka till Ryssland och \u00e4nnu roligare \u00e4r ju att Anny Hammarsten kommer att \u00e5ka med och t\u00e4vla. Det \u00e4r ju typ kampsportens st\u00f6rsta t\u00e4vling har jag f\u00e5tt f\u00f6rst\u00e5.<br \/>\n<b><br \/>\nHur kommer du l\u00e4gga upp tr\u00e4ningen inf\u00f6r World Combat Games?<br \/>\n<\/b>Inf\u00f6r den t\u00e4vlingen blir det till att dra p\u00e5 sig gin igen och tr\u00e4na p\u00e5 fot och benl\u00e5s.<\/p>\n<p><b>Vilka t\u00e4vlingar planerar du mer att k\u00f6ra i \u00e5r?<\/b><br \/>\n\u00d6vriga t\u00e4vlingar i \u00e5r \u00e4r BJJ SM och SW SM samt Swedish Open och v\u00e5r klubbs egna no-gi t\u00e4vling i november. Kan s\u00e4kert bli n\u00e5gon mera t\u00e4vling utan f\u00f6r Sverige men inget som \u00e4r inplanerat f\u00f6r stunden.<\/p>\n","protected":false},"excerpt":{"rendered":"<p>Sophia lyfts upp av Ida Hansson. Grattis till guld- och silvermedaljen i -64 kg i No-Gi och Gi Grappling p\u00e5 FILA VM 2013, hur k\u00e4nns det? Det k\u00e4nns helt fantastiskt! Helt galet med tanke p\u00e5 att jag skadades i slutet av oktober f\u00f6rra \u00e5ret och inte kunde tr\u00e4na p\u00e5 n\u00e5gra m\u00e5nader. Kan du ber\u00e4tta lite&hellip;<\/p>\n","protected":false},"author":2,"featured_media":0,"comment_status":"open","ping_status":"closed","sticky":false,"template":"","format":"standard","meta":{"footnotes":""},"categories":[18,197],"tags":[244],"class_list":{"0":"post-13931","1":"post","2":"type-post","3":"status-publish","4":"format-standard","6":"category-intervjuer","7":"category-nyheter","8":"tag-sophia-nordeno","9":"wrapper-post entry","10":"no-post-thumbnail","11":"wrapper-post-text"},"yoast_head":"<!-- This site is optimized with the Yoast SEO plugin v27.5 - https:\/\/yoast.com\/product\/yoast-seo-wordpress\/ -->\n<title>Intervju: Sophia Norden\u00f6 efter FILA VM 2013 - Grapplingbloggen<\/title>\n<meta name=\"robots\" content=\"index, follow, max-snippet:-1, max-image-preview:large, max-video-preview:-1\" \/>\n<link rel=\"canonical\" href=\"https:\/\/grapplingbloggen.se\/?p=13931\" \/>\n<meta name=\"twitter:card\" content=\"summary_large_image\" \/>\n<meta name=\"twitter:title\" content=\"Intervju: Sophia Norden\u00f6 efter FILA VM 2013 - Grapplingbloggen\" \/>\n<meta name=\"twitter:description\" content=\"Sophia lyfts upp av Ida Hansson. Grattis till guld- och silvermedaljen i -64 kg i No-Gi och Gi Grappling p\u00e5 FILA VM 2013, hur k\u00e4nns det? Det k\u00e4nns helt fantastiskt! Helt galet med tanke p\u00e5 att jag skadades i slutet av oktober f\u00f6rra \u00e5ret och inte kunde tr\u00e4na p\u00e5 n\u00e5gra m\u00e5nader. Kan du ber\u00e4tta lite&hellip;\" \/>\n<meta name=\"twitter:image\" content=\"https:\/\/grapplingbloggen.se\/wp-content\/uploads\/2013\/06\/Sophia_Nordeno_FILA_VM_2013_NoGi.jpg\" \/>\n<meta name=\"twitter:label1\" content=\"Skriven av\" \/>\n\t<meta name=\"twitter:data1\" content=\"Daniel Rosendahl\" \/>\n\t<meta name=\"twitter:label2\" content=\"Ber\u00e4knad l\u00e4stid\" \/>\n\t<meta name=\"twitter:data2\" content=\"2 minuter\" \/>\n<script type=\"application\/ld+json\" class=\"yoast-schema-graph\">{\"@context\":\"https:\\\/\\\/schema.org\",\"@graph\":[{\"@type\":\"Article\",\"@id\":\"https:\\\/\\\/grapplingbloggen.se\\\/?p=13931#article\",\"isPartOf\":{\"@id\":\"https:\\\/\\\/grapplingbloggen.se\\\/?p=13931\"},\"author\":{\"name\":\"Daniel Rosendahl\",\"@id\":\"https:\\\/\\\/grapplingbloggen.se\\\/#\\\/schema\\\/person\\\/59368c54a5e3f2e3adeea43bc97002c8\"},\"headline\":\"Intervju: Sophia Norden\u00f6 efter FILA VM 2013\",\"datePublished\":\"2013-06-21T08:47:29+00:00\",\"dateModified\":\"2013-06-21T08:47:30+00:00\",\"mainEntityOfPage\":{\"@id\":\"https:\\\/\\\/grapplingbloggen.se\\\/?p=13931\"},\"wordCount\":375,\"commentCount\":0,\"publisher\":{\"@id\":\"https:\\\/\\\/grapplingbloggen.se\\\/#organization\"},\"image\":{\"@id\":\"https:\\\/\\\/grapplingbloggen.se\\\/?p=13931#primaryimage\"},\"thumbnailUrl\":\"https:\\\/\\\/grapplingbloggen.se\\\/wp-content\\\/uploads\\\/2013\\\/06\\\/Sophia_Nordeno_FILA_VM_2013_NoGi.jpg\",\"keywords\":[\"Sophia Norden\u00f6\"],\"articleSection\":[\"Intervjuer\",\"Nyheter\"],\"inLanguage\":\"sv-SE\",\"potentialAction\":[{\"@type\":\"CommentAction\",\"name\":\"Comment\",\"target\":[\"https:\\\/\\\/grapplingbloggen.se\\\/?p=13931#respond\"]}]},{\"@type\":\"WebPage\",\"@id\":\"https:\\\/\\\/grapplingbloggen.se\\\/?p=13931\",\"url\":\"https:\\\/\\\/grapplingbloggen.se\\\/?p=13931\",\"name\":\"Intervju: Sophia Norden\u00f6 efter FILA VM 2013 - Grapplingbloggen\",\"isPartOf\":{\"@id\":\"https:\\\/\\\/grapplingbloggen.se\\\/#website\"},\"primaryImageOfPage\":{\"@id\":\"https:\\\/\\\/grapplingbloggen.se\\\/?p=13931#primaryimage\"},\"image\":{\"@id\":\"https:\\\/\\\/grapplingbloggen.se\\\/?p=13931#primaryimage\"},\"thumbnailUrl\":\"https:\\\/\\\/grapplingbloggen.se\\\/wp-content\\\/uploads\\\/2013\\\/06\\\/Sophia_Nordeno_FILA_VM_2013_NoGi.jpg\",\"datePublished\":\"2013-06-21T08:47:29+00:00\",\"dateModified\":\"2013-06-21T08:47:30+00:00\",\"breadcrumb\":{\"@id\":\"https:\\\/\\\/grapplingbloggen.se\\\/?p=13931#breadcrumb\"},\"inLanguage\":\"sv-SE\",\"potentialAction\":[{\"@type\":\"ReadAction\",\"target\":[\"https:\\\/\\\/grapplingbloggen.se\\\/?p=13931\"]}]},{\"@type\":\"ImageObject\",\"inLanguage\":\"sv-SE\",\"@id\":\"https:\\\/\\\/grapplingbloggen.se\\\/?p=13931#primaryimage\",\"url\":\"https:\\\/\\\/grapplingbloggen.se\\\/wp-content\\\/uploads\\\/2013\\\/06\\\/Sophia_Nordeno_FILA_VM_2013_NoGi.jpg\",\"contentUrl\":\"https:\\\/\\\/grapplingbloggen.se\\\/wp-content\\\/uploads\\\/2013\\\/06\\\/Sophia_Nordeno_FILA_VM_2013_NoGi.jpg\",\"width\":600,\"height\":375},{\"@type\":\"BreadcrumbList\",\"@id\":\"https:\\\/\\\/grapplingbloggen.se\\\/?p=13931#breadcrumb\",\"itemListElement\":[{\"@type\":\"ListItem\",\"position\":1,\"name\":\"Hem\",\"item\":\"https:\\\/\\\/grapplingbloggen.se\\\/\"},{\"@type\":\"ListItem\",\"position\":2,\"name\":\"Intervju: Sophia Norden\u00f6 efter FILA VM 2013\"}]},{\"@type\":\"WebSite\",\"@id\":\"https:\\\/\\\/grapplingbloggen.se\\\/#website\",\"url\":\"https:\\\/\\\/grapplingbloggen.se\\\/\",\"name\":\"Grapplingbloggen\",\"description\":\"\",\"publisher\":{\"@id\":\"https:\\\/\\\/grapplingbloggen.se\\\/#organization\"},\"potentialAction\":[{\"@type\":\"SearchAction\",\"target\":{\"@type\":\"EntryPoint\",\"urlTemplate\":\"https:\\\/\\\/grapplingbloggen.se\\\/?s={search_term_string}\"},\"query-input\":{\"@type\":\"PropertyValueSpecification\",\"valueRequired\":true,\"valueName\":\"search_term_string\"}}],\"inLanguage\":\"sv-SE\"},{\"@type\":\"Organization\",\"@id\":\"https:\\\/\\\/grapplingbloggen.se\\\/#organization\",\"name\":\"Grapplingbloggen\",\"url\":\"https:\\\/\\\/grapplingbloggen.se\\\/\",\"logo\":{\"@type\":\"ImageObject\",\"inLanguage\":\"sv-SE\",\"@id\":\"https:\\\/\\\/grapplingbloggen.se\\\/#\\\/schema\\\/logo\\\/image\\\/\",\"url\":\"https:\\\/\\\/grapplingbloggen.se\\\/wp-content\\\/uploads\\\/2017\\\/04\\\/cropped-grapplingbloggen-logo-2017-v2.png\",\"contentUrl\":\"https:\\\/\\\/grapplingbloggen.se\\\/wp-content\\\/uploads\\\/2017\\\/04\\\/cropped-grapplingbloggen-logo-2017-v2.png\",\"width\":570,\"height\":110,\"caption\":\"Grapplingbloggen\"},\"image\":{\"@id\":\"https:\\\/\\\/grapplingbloggen.se\\\/#\\\/schema\\\/logo\\\/image\\\/\"}},{\"@type\":\"Person\",\"@id\":\"https:\\\/\\\/grapplingbloggen.se\\\/#\\\/schema\\\/person\\\/59368c54a5e3f2e3adeea43bc97002c8\",\"name\":\"Daniel Rosendahl\",\"image\":{\"@type\":\"ImageObject\",\"inLanguage\":\"sv-SE\",\"@id\":\"https:\\\/\\\/secure.gravatar.com\\\/avatar\\\/f36e29660179c24c3ea92d445a4ada0dff0ce23106cf47712832fbc16628fdf0?s=96&d=mm&r=g\",\"url\":\"https:\\\/\\\/secure.gravatar.com\\\/avatar\\\/f36e29660179c24c3ea92d445a4ada0dff0ce23106cf47712832fbc16628fdf0?s=96&d=mm&r=g\",\"contentUrl\":\"https:\\\/\\\/secure.gravatar.com\\\/avatar\\\/f36e29660179c24c3ea92d445a4ada0dff0ce23106cf47712832fbc16628fdf0?s=96&d=mm&r=g\",\"caption\":\"Daniel Rosendahl\"},\"description\":\"Startade och driver GrapplingBloggen sen 2009.\",\"sameAs\":[\"https:\\\/\\\/grapplingbloggen.se\"],\"url\":\"https:\\\/\\\/grapplingbloggen.se\\\/?author=2\"}]}<\/script>\n<!-- \/ Yoast SEO plugin. -->","yoast_head_json":{"title":"Intervju: Sophia Norden\u00f6 efter FILA VM 2013 - Grapplingbloggen","robots":{"index":"index","follow":"follow","max-snippet":"max-snippet:-1","max-image-preview":"max-image-preview:large","max-video-preview":"max-video-preview:-1"},"canonical":"https:\/\/grapplingbloggen.se\/?p=13931","twitter_card":"summary_large_image","twitter_title":"Intervju: Sophia Norden\u00f6 efter FILA VM 2013 - Grapplingbloggen","twitter_description":"Sophia lyfts upp av Ida Hansson. Grattis till guld- och silvermedaljen i -64 kg i No-Gi och Gi Grappling p\u00e5 FILA VM 2013, hur k\u00e4nns det? Det k\u00e4nns helt fantastiskt! Helt galet med tanke p\u00e5 att jag skadades i slutet av oktober f\u00f6rra \u00e5ret och inte kunde tr\u00e4na p\u00e5 n\u00e5gra m\u00e5nader. Kan du ber\u00e4tta lite&hellip;","twitter_image":"https:\/\/grapplingbloggen.se\/wp-content\/uploads\/2013\/06\/Sophia_Nordeno_FILA_VM_2013_NoGi.jpg","twitter_misc":{"Skriven av":"Daniel Rosendahl","Ber\u00e4knad l\u00e4stid":"2 minuter"},"schema":{"@context":"https:\/\/schema.org","@graph":[{"@type":"Article","@id":"https:\/\/grapplingbloggen.se\/?p=13931#article","isPartOf":{"@id":"https:\/\/grapplingbloggen.se\/?p=13931"},"author":{"name":"Daniel Rosendahl","@id":"https:\/\/grapplingbloggen.se\/#\/schema\/person\/59368c54a5e3f2e3adeea43bc97002c8"},"headline":"Intervju: Sophia Norden\u00f6 efter FILA VM 2013","datePublished":"2013-06-21T08:47:29+00:00","dateModified":"2013-06-21T08:47:30+00:00","mainEntityOfPage":{"@id":"https:\/\/grapplingbloggen.se\/?p=13931"},"wordCount":375,"commentCount":0,"publisher":{"@id":"https:\/\/grapplingbloggen.se\/#organization"},"image":{"@id":"https:\/\/grapplingbloggen.se\/?p=13931#primaryimage"},"thumbnailUrl":"https:\/\/grapplingbloggen.se\/wp-content\/uploads\/2013\/06\/Sophia_Nordeno_FILA_VM_2013_NoGi.jpg","keywords":["Sophia Norden\u00f6"],"articleSection":["Intervjuer","Nyheter"],"inLanguage":"sv-SE","potentialAction":[{"@type":"CommentAction","name":"Comment","target":["https:\/\/grapplingbloggen.se\/?p=13931#respond"]}]},{"@type":"WebPage","@id":"https:\/\/grapplingbloggen.se\/?p=13931","url":"https:\/\/grapplingbloggen.se\/?p=13931","name":"Intervju: Sophia Norden\u00f6 efter FILA VM 2013 - Grapplingbloggen","isPartOf":{"@id":"https:\/\/grapplingbloggen.se\/#website"},"primaryImageOfPage":{"@id":"https:\/\/grapplingbloggen.se\/?p=13931#primaryimage"},"image":{"@id":"https:\/\/grapplingbloggen.se\/?p=13931#primaryimage"},"thumbnailUrl":"https:\/\/grapplingbloggen.se\/wp-content\/uploads\/2013\/06\/Sophia_Nordeno_FILA_VM_2013_NoGi.jpg","datePublished":"2013-06-21T08:47:29+00:00","dateModified":"2013-06-21T08:47:30+00:00","breadcrumb":{"@id":"https:\/\/grapplingbloggen.se\/?p=13931#breadcrumb"},"inLanguage":"sv-SE","potentialAction":[{"@type":"ReadAction","target":["https:\/\/grapplingbloggen.se\/?p=13931"]}]},{"@type":"ImageObject","inLanguage":"sv-SE","@id":"https:\/\/grapplingbloggen.se\/?p=13931#primaryimage","url":"https:\/\/grapplingbloggen.se\/wp-content\/uploads\/2013\/06\/Sophia_Nordeno_FILA_VM_2013_NoGi.jpg","contentUrl":"https:\/\/grapplingbloggen.se\/wp-content\/uploads\/2013\/06\/Sophia_Nordeno_FILA_VM_2013_NoGi.jpg","width":600,"height":375},{"@type":"BreadcrumbList","@id":"https:\/\/grapplingbloggen.se\/?p=13931#breadcrumb","itemListElement":[{"@type":"ListItem","position":1,"name":"Hem","item":"https:\/\/grapplingbloggen.se\/"},{"@type":"ListItem","position":2,"name":"Intervju: Sophia Norden\u00f6 efter FILA VM 2013"}]},{"@type":"WebSite","@id":"https:\/\/grapplingbloggen.se\/#website","url":"https:\/\/grapplingbloggen.se\/","name":"Grapplingbloggen","description":"","publisher":{"@id":"https:\/\/grapplingbloggen.se\/#organization"},"potentialAction":[{"@type":"SearchAction","target":{"@type":"EntryPoint","urlTemplate":"https:\/\/grapplingbloggen.se\/?s={search_term_string}"},"query-input":{"@type":"PropertyValueSpecification","valueRequired":true,"valueName":"search_term_string"}}],"inLanguage":"sv-SE"},{"@type":"Organization","@id":"https:\/\/grapplingbloggen.se\/#organization","name":"Grapplingbloggen","url":"https:\/\/grapplingbloggen.se\/","logo":{"@type":"ImageObject","inLanguage":"sv-SE","@id":"https:\/\/grapplingbloggen.se\/#\/schema\/logo\/image\/","url":"https:\/\/grapplingbloggen.se\/wp-content\/uploads\/2017\/04\/cropped-grapplingbloggen-logo-2017-v2.png","contentUrl":"https:\/\/grapplingbloggen.se\/wp-content\/uploads\/2017\/04\/cropped-grapplingbloggen-logo-2017-v2.png","width":570,"height":110,"caption":"Grapplingbloggen"},"image":{"@id":"https:\/\/grapplingbloggen.se\/#\/schema\/logo\/image\/"}},{"@type":"Person","@id":"https:\/\/grapplingbloggen.se\/#\/schema\/person\/59368c54a5e3f2e3adeea43bc97002c8","name":"Daniel Rosendahl","image":{"@type":"ImageObject","inLanguage":"sv-SE","@id":"https:\/\/secure.gravatar.com\/avatar\/f36e29660179c24c3ea92d445a4ada0dff0ce23106cf47712832fbc16628fdf0?s=96&d=mm&r=g","url":"https:\/\/secure.gravatar.com\/avatar\/f36e29660179c24c3ea92d445a4ada0dff0ce23106cf47712832fbc16628fdf0?s=96&d=mm&r=g","contentUrl":"https:\/\/secure.gravatar.com\/avatar\/f36e29660179c24c3ea92d445a4ada0dff0ce23106cf47712832fbc16628fdf0?s=96&d=mm&r=g","caption":"Daniel Rosendahl"},"description":"Startade och driver GrapplingBloggen sen 2009.","sameAs":["https:\/\/grapplingbloggen.se"],"url":"https:\/\/grapplingbloggen.se\/?author=2"}]}},"_links":{"self":[{"href":"https:\/\/grapplingbloggen.se\/index.php?rest_route=\/wp\/v2\/posts\/13931","targetHints":{"allow":["GET"]}}],"collection":[{"href":"https:\/\/grapplingbloggen.se\/index.php?rest_route=\/wp\/v2\/posts"}],"about":[{"href":"https:\/\/grapplingbloggen.se\/index.php?rest_route=\/wp\/v2\/types\/post"}],"author":[{"embeddable":true,"href":"https:\/\/grapplingbloggen.se\/index.php?rest_route=\/wp\/v2\/users\/2"}],"replies":[{"embeddable":true,"href":"https:\/\/grapplingbloggen.se\/index.php?rest_route=%2Fwp%2Fv2%2Fcomments&post=13931"}],"version-history":[{"count":0,"href":"https:\/\/grapplingbloggen.se\/index.php?rest_route=\/wp\/v2\/posts\/13931\/revisions"}],"wp:attachment":[{"href":"https:\/\/grapplingbloggen.se\/index.php?rest_route=%2Fwp%2Fv2%2Fmedia&parent=13931"}],"wp:term":[{"taxonomy":"category","embeddable":true,"href":"https:\/\/grapplingbloggen.se\/index.php?rest_route=%2Fwp%2Fv2%2Fcategories&post=13931"},{"taxonomy":"post_tag","embeddable":true,"href":"https:\/\/grapplingbloggen.se\/index.php?rest_route=%2Fwp%2Fv2%2Ftags&post=13931"}],"curies":[{"name":"wp","href":"https:\/\/api.w.org\/{rel}","templated":true}]}}