{"id":17992,"date":"2016-09-19T11:30:09","date_gmt":"2016-09-19T09:30:09","guid":{"rendered":"https:\/\/grapplingbloggen.se\/?p=17992"},"modified":"2016-09-19T11:47:22","modified_gmt":"2016-09-19T09:47:22","slug":"sm-i-bjj-2016","status":"publish","type":"post","link":"https:\/\/grapplingbloggen.se\/?p=17992","title":{"rendered":"Reflektioner efter SM i BJJ 2016 &#8211; Unga vargar, kurdish neckties och m\u00e4stare fr\u00e5n f\u00f6dseln"},"content":{"rendered":"<p><strong>Lundbystrandshallen i G\u00f6teborg var plats f\u00f6r skr\u00e4llar, uppfyllda f\u00f6rv\u00e4ntningar, krossade dr\u00f6mmar och tuffa insikter om att tiden hinner ikapp alla. SM i BJJ \u00e4gde rum i l\u00f6rdags och vi har\u00a0mycket att g\u00e5 igenom!<\/strong><!--more--><\/p>\n<p><a href=\"https:\/\/grapplingbloggen.se\/?p=17990\">Resultat fr\u00e5n \u00e5rets SM i BJJ hittas h\u00e4r<\/a>.<\/p>\n<p>K\u00e4nslorna p\u00e5 l\u00e4ktaren varierade mellan allt fr\u00e5n gl\u00e4dje och sorg till medlidande och i vissa fall n\u00e4stintill extas under Svenska M\u00e4sterskapet i Brasiliansk Jiu Jitsu i l\u00f6rdags. Allt berodde sj\u00e4lvklart p\u00e5 vilken klubb man tillh\u00f6r och vilka v\u00e4nner som klev ut p\u00e5 mattan i Lundbystrandshallen &#8211; det \u00e4r aldrig enkelt att se v\u00e4nner, tr\u00e4nare och f\u00f6rebilder f\u00f6rlora och likas\u00e5 en obeskrivlig k\u00e4nsla att se tr\u00e4ningskamrater uppfylla sina dr\u00f6mmar.<\/p>\n<p><img loading=\"lazy\" decoding=\"async\" class=\"alignnone wp-image-17995\" src=\"https:\/\/grapplingbloggen.se\/wp-content\/uploads\/2016\/09\/14292502_1591011037869110_4071724364772080647_n-300x224.jpg\" alt=\"14292502_1591011037869110_4071724364772080647_n\" width=\"560\" height=\"418\" srcset=\"https:\/\/grapplingbloggen.se\/wp-content\/uploads\/2016\/09\/14292502_1591011037869110_4071724364772080647_n-300x224.jpg 300w, https:\/\/grapplingbloggen.se\/wp-content\/uploads\/2016\/09\/14292502_1591011037869110_4071724364772080647_n-768x573.jpg 768w, https:\/\/grapplingbloggen.se\/wp-content\/uploads\/2016\/09\/14292502_1591011037869110_4071724364772080647_n.jpg 960w\" sizes=\"auto, (max-width: 560px) 100vw, 560px\" \/><\/p>\n<p><strong>Lisa Pihl\u00a0<\/strong>fr\u00e5n Valhalla Jiu Jitsu var en av de som uppfyllde en dr\u00f6m i l\u00f6rdags. Efter tv\u00e5 vinster mot samma motst\u00e5ndare,\u00a0<strong>Martina Gramenius\u00a0<\/strong>fr\u00e5n\u00a0Prana Jiu Jitsu, kunde den f\u00f6re detta Gladiatorn l\u00e4gga till ett SM-guld bland meriterna.<\/p>\n<p>F\u00f6rsta m\u00f6tet de tv\u00e5 mellan var en riktig nagelbitare d\u00e5 Lisa hoppade upp och tog ryggen p\u00e5 en st\u00e5ende Martina med ett par sekunder kvar. Efter\u00e5t gick jag ut till parkeringen f\u00f6r att h\u00e4mta n\u00e5got och tr\u00e4ffade p\u00e5 Pihl som var ute och tog lite frisk luft. Jag gratulerade till vinsten och fick till svar att &#8221;det \u00e4r fortfarande en match kvar.&#8221; Just d\u00e5 f\u00f6rstod jag att Lisa Pihl f\u00f6rmodligen skulle bli Sverigem\u00e4starinna den soliga dagen i hemstaden G\u00f6teborg. Vinnarmentalitet.<\/p>\n<p><img loading=\"lazy\" decoding=\"async\" class=\"alignnone wp-image-17996\" src=\"https:\/\/grapplingbloggen.se\/wp-content\/uploads\/2016\/09\/14292295_1591013271202220_8998386824934443612_n-300x180.jpg\" alt=\"14292295_1591013271202220_8998386824934443612_n\" width=\"560\" height=\"337\" srcset=\"https:\/\/grapplingbloggen.se\/wp-content\/uploads\/2016\/09\/14292295_1591013271202220_8998386824934443612_n-300x180.jpg 300w, https:\/\/grapplingbloggen.se\/wp-content\/uploads\/2016\/09\/14292295_1591013271202220_8998386824934443612_n-768x462.jpg 768w, https:\/\/grapplingbloggen.se\/wp-content\/uploads\/2016\/09\/14292295_1591013271202220_8998386824934443612_n.jpg 960w\" sizes=\"auto, (max-width: 560px) 100vw, 560px\" \/><\/p>\n<p>En av de jobbigaste\u00a0sekvenserna\u00a0att f\u00f6lja var i finalen mellan\u00a0<strong>Cemil\u00a0Karahan\u00a0<\/strong>fr\u00e5n Prana och\u00a0<strong>Alexander Musi Wennergren\u00a0<\/strong>fr\u00e5n Allstars, n\u00e4r Cemil hade Musis arm utstr\u00e4ckt i ett arml\u00e5s i s\u00e4kert en minut. \u00c5tminstone k\u00e4ndes det s\u00e5 f\u00f6r majoriteten av publiken som var tvungna att titta bort.<\/p>\n<p>Efter att ha visat mer hj\u00e4rta \u00e4n vad m\u00e5nga kan f\u00f6rst\u00e5 klappade Alexander dock till Cemils patenterade &#8221;kurdish necktie,&#8221; ett stryp han vann tv\u00e5 av tre matcher med p\u00e5 v\u00e4gen mot ett efterl\u00e4ngtat SM-guld.<\/p>\n<p>N\u00e4r jag f\u00f6rst b\u00f6rjade tr\u00e4na var Cemil en av tr\u00e4ningskamrat p\u00e5 Hilti BJJ och jag minns hur jobbigt det var att rulla med honom, inte bara f\u00f6r att jag v\u00e4gde mer \u00e4n 20 kg mindre och inte hade en aning om vad jag gjorde. \u00c4ven fast vi aldrig l\u00e4rde k\u00e4nna varandra s\u00e4rskilt bra har hans\u00a0driv och dedikation alltid varit en inspiration f\u00f6r mig och m\u00e5nga andra. Vi pratar om en kille som inte b\u00f6rjade sin BJJ-resa f\u00f6rr\u00e4n relativt sent i livet och som har ett jobb att sk\u00f6ta utanf\u00f6r mattan. Visst \u00e4r han atletiskt beg\u00e5vad och har en inst\u00e4llning som \u00e4r f\u00e5 f\u00f6runnad, men Cemil Karahans vinst p\u00e5 \u00e5rets SM \u00e4r ett bevis p\u00e5 att dr\u00f6mmar kan g\u00e5 i uppfyllelse, hur h\u00f6gt satta m\u00e5l man \u00e4n har. Bara man l\u00e4gger ner sitt hj\u00e4rta och sin sj\u00e4l i n\u00e5got.<\/p>\n<p><img loading=\"lazy\" decoding=\"async\" class=\"alignnone wp-image-17998\" src=\"https:\/\/grapplingbloggen.se\/wp-content\/uploads\/2016\/09\/14358878_1591010801202467_1214979634395368192_n-268x300.jpg\" alt=\"14358878_1591010801202467_1214979634395368192_n\" width=\"560\" height=\"627\" srcset=\"https:\/\/grapplingbloggen.se\/wp-content\/uploads\/2016\/09\/14358878_1591010801202467_1214979634395368192_n-268x300.jpg 268w, https:\/\/grapplingbloggen.se\/wp-content\/uploads\/2016\/09\/14358878_1591010801202467_1214979634395368192_n-768x859.jpg 768w, https:\/\/grapplingbloggen.se\/wp-content\/uploads\/2016\/09\/14358878_1591010801202467_1214979634395368192_n.jpg 858w\" sizes=\"auto, (max-width: 560px) 100vw, 560px\" \/><\/p>\n<p>V\u00e4nner och tr\u00e4ningskamrater m\u00f6ttes i ett par finaler, inte minst\u00a0<strong>Max Lindblad\u00a0<\/strong>och\u00a0<strong>Daniel Svensson\u00a0<\/strong>fr\u00e5n Prana. Daniel hade st\u00e5tt f\u00f6r en av dagens mest imponerande och dramatiska vinster n\u00e4r han med ett par sekunder kvar brutit d\u00f6dl\u00e4get mot svartb\u00e4ltet\u00a0<strong>Roberto Pastuch\u00a0<\/strong>och vunnit sin f\u00f6rsta match p\u00e5 po\u00e4ng. Max bj\u00f6d som vanligt p\u00e5 dominanta prestationer p\u00e5 sin v\u00e4g till final och lyckades \u00e4ven besegra Svensson\u00a0f\u00f6r att vinna sitt andra SM-guld.<\/p>\n<p>Max Lindblad \u00e4r en s\u00e5n d\u00e4r person som man vet \u00e4r speciell n\u00e4r man ser honom, han har en aura som bara skriker m\u00e4stare. S\u00e4ttet han sprang igenom motst\u00e5ndet p\u00e5, lugnet han visade upp och hans oklanderliga teknik p\u00e5 mattan \u00e4r dels\u00a0ett resultat av otaliga timmars slit i tr\u00e4ningslokalen, men \u00e4ven n\u00e5got annat. Vissa f\u00f6ds helt enkelt f\u00f6r att bli b\u00e4st.<\/p>\n<p><img loading=\"lazy\" decoding=\"async\" class=\"alignnone wp-image-18000\" src=\"https:\/\/grapplingbloggen.se\/wp-content\/uploads\/2016\/09\/14369943_1591012111202336_614422361280504857_n-300x203.jpg\" alt=\"14369943_1591012111202336_614422361280504857_n\" width=\"560\" height=\"378\" srcset=\"https:\/\/grapplingbloggen.se\/wp-content\/uploads\/2016\/09\/14369943_1591012111202336_614422361280504857_n-300x203.jpg 300w, https:\/\/grapplingbloggen.se\/wp-content\/uploads\/2016\/09\/14369943_1591012111202336_614422361280504857_n-768x518.jpg 768w, https:\/\/grapplingbloggen.se\/wp-content\/uploads\/2016\/09\/14369943_1591012111202336_614422361280504857_n.jpg 960w\" sizes=\"auto, (max-width: 560px) 100vw, 560px\" \/><\/p>\n<p>P\u00e5 tal om att f\u00f6das f\u00f6r att bli b\u00e4st &#8211;\u00a0<strong>Emad Omran\u00a0<\/strong>f\u00f6rlorade f\u00f6rvisso finalen mot tr\u00e4ningskamraten fr\u00e5n Prana\u00a0<strong>Erik Friberg<\/strong>, men stod f\u00f6r en av dagens mest imponerande prestationer. P\u00e5 mindre \u00e4n en minut drog han ut svartb\u00e4ltet\u00a0<strong>Omid\u00a0<\/strong><b>Azad\u00a0<\/b>fr\u00e5n Hilti, en legend p\u00e5 den svenska Jiu Jitsu-scenen i sin egen r\u00e4tt, vilket stavade andra g\u00e5ngen i rad som Emad besegrat ett svartb\u00e4lte i SM.<\/p>\n<p>Omid mot Emad k\u00e4ndes som n\u00e5got av ett skifte mellan generationerna, d\u00e4r den nya, unga och hungriga vargen puttade ner den \u00e5ldrande alfahannen fr\u00e5n t\u00e4ppan. Jag vet personligen hur h\u00e5rt Omid tr\u00e4nade inf\u00f6r det h\u00e4r och vad han la ner f\u00f6r att ta hem sitt f\u00f6rsta SM-guld i BJJ. D\u00e4rf\u00f6r k\u00e4ndes det oerh\u00f6rt jobbigt att se honom falla s\u00e5 h\u00e5rt i sin f\u00f6rsta match. Samtidigt var det en l\u00e4rdom om att tiden hinner ikapp alla och att man bara har en begr\u00e4nsad tidsperiod f\u00f6r att \u00e5stadkomma saker inom idrott, s\u00e4rskilt vad g\u00e4ller en idrott som Brasiliansk Jiu Jitsu. Det k\u00e4nns som att motst\u00e5ndare bara blir yngre och till och med jag som\u00a0\u00e4r 25 k\u00e4nner mig gammal p\u00e5 dagens t\u00e4vlingsscen.<\/p>\n<p><img loading=\"lazy\" decoding=\"async\" class=\"alignnone wp-image-18003\" src=\"https:\/\/grapplingbloggen.se\/wp-content\/uploads\/2016\/09\/14364910_1591014894535391_5638455017022369139_n-300x281.jpg\" alt=\"14364910_1591014894535391_5638455017022369139_n\" width=\"560\" height=\"524\" srcset=\"https:\/\/grapplingbloggen.se\/wp-content\/uploads\/2016\/09\/14364910_1591014894535391_5638455017022369139_n-300x281.jpg 300w, https:\/\/grapplingbloggen.se\/wp-content\/uploads\/2016\/09\/14364910_1591014894535391_5638455017022369139_n-768x719.jpg 768w, https:\/\/grapplingbloggen.se\/wp-content\/uploads\/2016\/09\/14364910_1591014894535391_5638455017022369139_n.jpg 960w\" sizes=\"auto, (max-width: 560px) 100vw, 560px\" \/><\/p>\n<p>Prana imponerande stort med\u00a0sammanlagt nio medaljer, tre guld och fem silver vilket g\u00f6r de till Sveriges b\u00e4sta klubb f\u00f6r andra \u00e5ret i rad. Grattis till alla som t\u00e4vlade, ett \u00e4nnu st\u00f6rre grattis till er som tog medalj och en st\u00e5ende ovation till \u00e5rets m\u00e4stare. Ett tips \u00e4r att kolla in @grapplingbloggen p\u00e5 Instagram f\u00f6r videos p\u00e5 ett par avg\u00f6rande \u00f6gonblick, bland annat Daniel Svenssons dramatiska vinst \u00f6ver Roberto Pastuch och Lisa Pihls f\u00f6rsta vinst \u00f6ver Matilda Gramenius, samt helgens kanske h\u00e4ftigaste \u00f6gonblick n\u00e4r Omid Azad och Emad Omran sprang ut p\u00e5 mattan f\u00f6r deras match.<\/p>\n<p style=\"text-align: right\"><em>Tack till\u00a0Acman\u00a0Produktion f\u00f6r bilderna till denna artikeln!<\/em><\/p>\n","protected":false},"excerpt":{"rendered":"<p>Lundbystrandshallen i G\u00f6teborg var plats f\u00f6r skr\u00e4llar, uppfyllda f\u00f6rv\u00e4ntningar, krossade dr\u00f6mmar och tuffa insikter om att tiden hinner ikapp alla. SM i BJJ \u00e4gde rum i l\u00f6rdags och vi har\u00a0mycket att g\u00e5 igenom!<\/p>\n","protected":false},"author":32,"featured_media":0,"comment_status":"open","ping_status":"closed","sticky":false,"template":"","format":"standard","meta":{"footnotes":""},"categories":[4,197,109,174,8],"tags":[440,829,825,145,545,830,46,826,827,291,45,141,831,788,828],"class_list":{"0":"post-17992","1":"post","2":"type-post","3":"status-publish","4":"format-standard","6":"category-bjj","7":"category-nyheter","8":"category-sbjjf","9":"category-tavling","10":"category-tavlingar","11":"tag-alexander-musi-wennergren","12":"tag-allstars","13":"tag-cemil-karahan","14":"tag-daniel-svensson","15":"tag-emad-omran","16":"tag-erik-friberg","17":"tag-hilti-bjj","18":"tag-lisa-pihl","19":"tag-martina-gramenius","20":"tag-max-lindblad","21":"tag-omid-azad","22":"tag-prana-jiu-jitsu","23":"tag-roberto-pastuch","24":"tag-sm-i-bjj","25":"tag-valhalla-jiu-jitsu","26":"wrapper-post entry","27":"no-post-thumbnail","28":"wrapper-post-text"},"yoast_head":"<!-- This site is optimized with the Yoast SEO plugin v27.4 - https:\/\/yoast.com\/product\/yoast-seo-wordpress\/ -->\n<title>Reflektioner efter SM i BJJ 2016 - Unga vargar, kurdish neckties och m\u00e4stare fr\u00e5n f\u00f6dseln - Grapplingbloggen<\/title>\n<meta name=\"robots\" content=\"index, follow, max-snippet:-1, max-image-preview:large, max-video-preview:-1\" \/>\n<link rel=\"canonical\" href=\"https:\/\/grapplingbloggen.se\/?p=17992\" \/>\n<meta name=\"twitter:card\" content=\"summary_large_image\" \/>\n<meta name=\"twitter:title\" content=\"Reflektioner efter SM i BJJ 2016 - Unga vargar, kurdish neckties och m\u00e4stare fr\u00e5n f\u00f6dseln - Grapplingbloggen\" \/>\n<meta name=\"twitter:description\" content=\"Lundbystrandshallen i G\u00f6teborg var plats f\u00f6r skr\u00e4llar, uppfyllda f\u00f6rv\u00e4ntningar, krossade dr\u00f6mmar och tuffa insikter om att tiden hinner ikapp alla. SM i BJJ \u00e4gde rum i l\u00f6rdags och vi har\u00a0mycket att g\u00e5 igenom!\" \/>\n<meta name=\"twitter:image\" content=\"https:\/\/grapplingbloggen.se\/wp-content\/uploads\/2016\/09\/14292502_1591011037869110_4071724364772080647_n.jpg\" \/>\n<meta name=\"twitter:label1\" content=\"Skriven av\" \/>\n\t<meta name=\"twitter:data1\" content=\"Denniz L\u00f6fgren Hasyilmaz\" \/>\n\t<meta name=\"twitter:label2\" content=\"Ber\u00e4knad l\u00e4stid\" \/>\n\t<meta name=\"twitter:data2\" content=\"5 minuter\" \/>\n<script type=\"application\/ld+json\" class=\"yoast-schema-graph\">{\"@context\":\"https:\\\/\\\/schema.org\",\"@graph\":[{\"@type\":\"Article\",\"@id\":\"https:\\\/\\\/grapplingbloggen.se\\\/?p=17992#article\",\"isPartOf\":{\"@id\":\"https:\\\/\\\/grapplingbloggen.se\\\/?p=17992\"},\"author\":{\"name\":\"Denniz L\u00f6fgren Hasyilmaz\",\"@id\":\"https:\\\/\\\/grapplingbloggen.se\\\/#\\\/schema\\\/person\\\/dafbf68d390d7ed0c8982d88a5b2673b\"},\"headline\":\"Reflektioner efter SM i BJJ 2016 &#8211; Unga vargar, kurdish neckties och m\u00e4stare fr\u00e5n f\u00f6dseln\",\"datePublished\":\"2016-09-19T09:30:09+00:00\",\"dateModified\":\"2016-09-19T09:47:22+00:00\",\"mainEntityOfPage\":{\"@id\":\"https:\\\/\\\/grapplingbloggen.se\\\/?p=17992\"},\"wordCount\":1056,\"commentCount\":0,\"publisher\":{\"@id\":\"https:\\\/\\\/grapplingbloggen.se\\\/#organization\"},\"image\":{\"@id\":\"https:\\\/\\\/grapplingbloggen.se\\\/?p=17992#primaryimage\"},\"thumbnailUrl\":\"https:\\\/\\\/grapplingbloggen.se\\\/wp-content\\\/uploads\\\/2016\\\/09\\\/14292502_1591011037869110_4071724364772080647_n-300x224.jpg\",\"keywords\":[\"Alexander Musi Wennergren\",\"Allstars\",\"Cemil Karahan\",\"Daniel Svensson\",\"Emad Omran\",\"Erik Friberg\",\"Hilti BJJ\",\"Lisa Pihl\",\"Martina Gramenius\",\"Max Lindblad\",\"Omid Azad\",\"Prana Jiu-Jitsu\",\"Roberto Pastuch\",\"SM i BJJ\",\"Valhalla Jiu Jitsu\"],\"articleSection\":[\"BJJ\",\"Nyheter\",\"Svenska Brasilianska Jiu-Jitsu F\u00f6rbundet\",\"T\u00e4vling\",\"T\u00e4vlingar\"],\"inLanguage\":\"sv-SE\",\"potentialAction\":[{\"@type\":\"CommentAction\",\"name\":\"Comment\",\"target\":[\"https:\\\/\\\/grapplingbloggen.se\\\/?p=17992#respond\"]}]},{\"@type\":\"WebPage\",\"@id\":\"https:\\\/\\\/grapplingbloggen.se\\\/?p=17992\",\"url\":\"https:\\\/\\\/grapplingbloggen.se\\\/?p=17992\",\"name\":\"Reflektioner efter SM i BJJ 2016 - Unga vargar, kurdish neckties och m\u00e4stare fr\u00e5n f\u00f6dseln - Grapplingbloggen\",\"isPartOf\":{\"@id\":\"https:\\\/\\\/grapplingbloggen.se\\\/#website\"},\"primaryImageOfPage\":{\"@id\":\"https:\\\/\\\/grapplingbloggen.se\\\/?p=17992#primaryimage\"},\"image\":{\"@id\":\"https:\\\/\\\/grapplingbloggen.se\\\/?p=17992#primaryimage\"},\"thumbnailUrl\":\"https:\\\/\\\/grapplingbloggen.se\\\/wp-content\\\/uploads\\\/2016\\\/09\\\/14292502_1591011037869110_4071724364772080647_n-300x224.jpg\",\"datePublished\":\"2016-09-19T09:30:09+00:00\",\"dateModified\":\"2016-09-19T09:47:22+00:00\",\"breadcrumb\":{\"@id\":\"https:\\\/\\\/grapplingbloggen.se\\\/?p=17992#breadcrumb\"},\"inLanguage\":\"sv-SE\",\"potentialAction\":[{\"@type\":\"ReadAction\",\"target\":[\"https:\\\/\\\/grapplingbloggen.se\\\/?p=17992\"]}]},{\"@type\":\"ImageObject\",\"inLanguage\":\"sv-SE\",\"@id\":\"https:\\\/\\\/grapplingbloggen.se\\\/?p=17992#primaryimage\",\"url\":\"https:\\\/\\\/grapplingbloggen.se\\\/wp-content\\\/uploads\\\/2016\\\/09\\\/14292502_1591011037869110_4071724364772080647_n.jpg\",\"contentUrl\":\"https:\\\/\\\/grapplingbloggen.se\\\/wp-content\\\/uploads\\\/2016\\\/09\\\/14292502_1591011037869110_4071724364772080647_n.jpg\",\"width\":960,\"height\":716},{\"@type\":\"BreadcrumbList\",\"@id\":\"https:\\\/\\\/grapplingbloggen.se\\\/?p=17992#breadcrumb\",\"itemListElement\":[{\"@type\":\"ListItem\",\"position\":1,\"name\":\"Hem\",\"item\":\"https:\\\/\\\/grapplingbloggen.se\\\/\"},{\"@type\":\"ListItem\",\"position\":2,\"name\":\"Reflektioner efter SM i BJJ 2016 &#8211; Unga vargar, kurdish neckties och m\u00e4stare fr\u00e5n f\u00f6dseln\"}]},{\"@type\":\"WebSite\",\"@id\":\"https:\\\/\\\/grapplingbloggen.se\\\/#website\",\"url\":\"https:\\\/\\\/grapplingbloggen.se\\\/\",\"name\":\"Grapplingbloggen\",\"description\":\"\",\"publisher\":{\"@id\":\"https:\\\/\\\/grapplingbloggen.se\\\/#organization\"},\"potentialAction\":[{\"@type\":\"SearchAction\",\"target\":{\"@type\":\"EntryPoint\",\"urlTemplate\":\"https:\\\/\\\/grapplingbloggen.se\\\/?s={search_term_string}\"},\"query-input\":{\"@type\":\"PropertyValueSpecification\",\"valueRequired\":true,\"valueName\":\"search_term_string\"}}],\"inLanguage\":\"sv-SE\"},{\"@type\":\"Organization\",\"@id\":\"https:\\\/\\\/grapplingbloggen.se\\\/#organization\",\"name\":\"Grapplingbloggen\",\"url\":\"https:\\\/\\\/grapplingbloggen.se\\\/\",\"logo\":{\"@type\":\"ImageObject\",\"inLanguage\":\"sv-SE\",\"@id\":\"https:\\\/\\\/grapplingbloggen.se\\\/#\\\/schema\\\/logo\\\/image\\\/\",\"url\":\"https:\\\/\\\/grapplingbloggen.se\\\/wp-content\\\/uploads\\\/2017\\\/04\\\/cropped-grapplingbloggen-logo-2017-v2.png\",\"contentUrl\":\"https:\\\/\\\/grapplingbloggen.se\\\/wp-content\\\/uploads\\\/2017\\\/04\\\/cropped-grapplingbloggen-logo-2017-v2.png\",\"width\":570,\"height\":110,\"caption\":\"Grapplingbloggen\"},\"image\":{\"@id\":\"https:\\\/\\\/grapplingbloggen.se\\\/#\\\/schema\\\/logo\\\/image\\\/\"}},{\"@type\":\"Person\",\"@id\":\"https:\\\/\\\/grapplingbloggen.se\\\/#\\\/schema\\\/person\\\/dafbf68d390d7ed0c8982d88a5b2673b\",\"name\":\"Denniz L\u00f6fgren Hasyilmaz\",\"image\":{\"@type\":\"ImageObject\",\"inLanguage\":\"sv-SE\",\"@id\":\"https:\\\/\\\/secure.gravatar.com\\\/avatar\\\/b5bfd3cd27cbb82a4b79a55ba67ccf1cc7a223a9bf2fa3f63572319657196160?s=96&d=mm&r=g\",\"url\":\"https:\\\/\\\/secure.gravatar.com\\\/avatar\\\/b5bfd3cd27cbb82a4b79a55ba67ccf1cc7a223a9bf2fa3f63572319657196160?s=96&d=mm&r=g\",\"contentUrl\":\"https:\\\/\\\/secure.gravatar.com\\\/avatar\\\/b5bfd3cd27cbb82a4b79a55ba67ccf1cc7a223a9bf2fa3f63572319657196160?s=96&d=mm&r=g\",\"caption\":\"Denniz L\u00f6fgren Hasyilmaz\"},\"url\":\"https:\\\/\\\/grapplingbloggen.se\\\/?author=32\"}]}<\/script>\n<!-- \/ Yoast SEO plugin. -->","yoast_head_json":{"title":"Reflektioner efter SM i BJJ 2016 - Unga vargar, kurdish neckties och m\u00e4stare fr\u00e5n f\u00f6dseln - Grapplingbloggen","robots":{"index":"index","follow":"follow","max-snippet":"max-snippet:-1","max-image-preview":"max-image-preview:large","max-video-preview":"max-video-preview:-1"},"canonical":"https:\/\/grapplingbloggen.se\/?p=17992","twitter_card":"summary_large_image","twitter_title":"Reflektioner efter SM i BJJ 2016 - Unga vargar, kurdish neckties och m\u00e4stare fr\u00e5n f\u00f6dseln - Grapplingbloggen","twitter_description":"Lundbystrandshallen i G\u00f6teborg var plats f\u00f6r skr\u00e4llar, uppfyllda f\u00f6rv\u00e4ntningar, krossade dr\u00f6mmar och tuffa insikter om att tiden hinner ikapp alla. SM i BJJ \u00e4gde rum i l\u00f6rdags och vi har\u00a0mycket att g\u00e5 igenom!","twitter_image":"https:\/\/grapplingbloggen.se\/wp-content\/uploads\/2016\/09\/14292502_1591011037869110_4071724364772080647_n.jpg","twitter_misc":{"Skriven av":"Denniz L\u00f6fgren Hasyilmaz","Ber\u00e4knad l\u00e4stid":"5 minuter"},"schema":{"@context":"https:\/\/schema.org","@graph":[{"@type":"Article","@id":"https:\/\/grapplingbloggen.se\/?p=17992#article","isPartOf":{"@id":"https:\/\/grapplingbloggen.se\/?p=17992"},"author":{"name":"Denniz L\u00f6fgren Hasyilmaz","@id":"https:\/\/grapplingbloggen.se\/#\/schema\/person\/dafbf68d390d7ed0c8982d88a5b2673b"},"headline":"Reflektioner efter SM i BJJ 2016 &#8211; Unga vargar, kurdish neckties och m\u00e4stare fr\u00e5n f\u00f6dseln","datePublished":"2016-09-19T09:30:09+00:00","dateModified":"2016-09-19T09:47:22+00:00","mainEntityOfPage":{"@id":"https:\/\/grapplingbloggen.se\/?p=17992"},"wordCount":1056,"commentCount":0,"publisher":{"@id":"https:\/\/grapplingbloggen.se\/#organization"},"image":{"@id":"https:\/\/grapplingbloggen.se\/?p=17992#primaryimage"},"thumbnailUrl":"https:\/\/grapplingbloggen.se\/wp-content\/uploads\/2016\/09\/14292502_1591011037869110_4071724364772080647_n-300x224.jpg","keywords":["Alexander Musi Wennergren","Allstars","Cemil Karahan","Daniel Svensson","Emad Omran","Erik Friberg","Hilti BJJ","Lisa Pihl","Martina Gramenius","Max Lindblad","Omid Azad","Prana Jiu-Jitsu","Roberto Pastuch","SM i BJJ","Valhalla Jiu Jitsu"],"articleSection":["BJJ","Nyheter","Svenska Brasilianska Jiu-Jitsu F\u00f6rbundet","T\u00e4vling","T\u00e4vlingar"],"inLanguage":"sv-SE","potentialAction":[{"@type":"CommentAction","name":"Comment","target":["https:\/\/grapplingbloggen.se\/?p=17992#respond"]}]},{"@type":"WebPage","@id":"https:\/\/grapplingbloggen.se\/?p=17992","url":"https:\/\/grapplingbloggen.se\/?p=17992","name":"Reflektioner efter SM i BJJ 2016 - Unga vargar, kurdish neckties och m\u00e4stare fr\u00e5n f\u00f6dseln - Grapplingbloggen","isPartOf":{"@id":"https:\/\/grapplingbloggen.se\/#website"},"primaryImageOfPage":{"@id":"https:\/\/grapplingbloggen.se\/?p=17992#primaryimage"},"image":{"@id":"https:\/\/grapplingbloggen.se\/?p=17992#primaryimage"},"thumbnailUrl":"https:\/\/grapplingbloggen.se\/wp-content\/uploads\/2016\/09\/14292502_1591011037869110_4071724364772080647_n-300x224.jpg","datePublished":"2016-09-19T09:30:09+00:00","dateModified":"2016-09-19T09:47:22+00:00","breadcrumb":{"@id":"https:\/\/grapplingbloggen.se\/?p=17992#breadcrumb"},"inLanguage":"sv-SE","potentialAction":[{"@type":"ReadAction","target":["https:\/\/grapplingbloggen.se\/?p=17992"]}]},{"@type":"ImageObject","inLanguage":"sv-SE","@id":"https:\/\/grapplingbloggen.se\/?p=17992#primaryimage","url":"https:\/\/grapplingbloggen.se\/wp-content\/uploads\/2016\/09\/14292502_1591011037869110_4071724364772080647_n.jpg","contentUrl":"https:\/\/grapplingbloggen.se\/wp-content\/uploads\/2016\/09\/14292502_1591011037869110_4071724364772080647_n.jpg","width":960,"height":716},{"@type":"BreadcrumbList","@id":"https:\/\/grapplingbloggen.se\/?p=17992#breadcrumb","itemListElement":[{"@type":"ListItem","position":1,"name":"Hem","item":"https:\/\/grapplingbloggen.se\/"},{"@type":"ListItem","position":2,"name":"Reflektioner efter SM i BJJ 2016 &#8211; Unga vargar, kurdish neckties och m\u00e4stare fr\u00e5n f\u00f6dseln"}]},{"@type":"WebSite","@id":"https:\/\/grapplingbloggen.se\/#website","url":"https:\/\/grapplingbloggen.se\/","name":"Grapplingbloggen","description":"","publisher":{"@id":"https:\/\/grapplingbloggen.se\/#organization"},"potentialAction":[{"@type":"SearchAction","target":{"@type":"EntryPoint","urlTemplate":"https:\/\/grapplingbloggen.se\/?s={search_term_string}"},"query-input":{"@type":"PropertyValueSpecification","valueRequired":true,"valueName":"search_term_string"}}],"inLanguage":"sv-SE"},{"@type":"Organization","@id":"https:\/\/grapplingbloggen.se\/#organization","name":"Grapplingbloggen","url":"https:\/\/grapplingbloggen.se\/","logo":{"@type":"ImageObject","inLanguage":"sv-SE","@id":"https:\/\/grapplingbloggen.se\/#\/schema\/logo\/image\/","url":"https:\/\/grapplingbloggen.se\/wp-content\/uploads\/2017\/04\/cropped-grapplingbloggen-logo-2017-v2.png","contentUrl":"https:\/\/grapplingbloggen.se\/wp-content\/uploads\/2017\/04\/cropped-grapplingbloggen-logo-2017-v2.png","width":570,"height":110,"caption":"Grapplingbloggen"},"image":{"@id":"https:\/\/grapplingbloggen.se\/#\/schema\/logo\/image\/"}},{"@type":"Person","@id":"https:\/\/grapplingbloggen.se\/#\/schema\/person\/dafbf68d390d7ed0c8982d88a5b2673b","name":"Denniz L\u00f6fgren Hasyilmaz","image":{"@type":"ImageObject","inLanguage":"sv-SE","@id":"https:\/\/secure.gravatar.com\/avatar\/b5bfd3cd27cbb82a4b79a55ba67ccf1cc7a223a9bf2fa3f63572319657196160?s=96&d=mm&r=g","url":"https:\/\/secure.gravatar.com\/avatar\/b5bfd3cd27cbb82a4b79a55ba67ccf1cc7a223a9bf2fa3f63572319657196160?s=96&d=mm&r=g","contentUrl":"https:\/\/secure.gravatar.com\/avatar\/b5bfd3cd27cbb82a4b79a55ba67ccf1cc7a223a9bf2fa3f63572319657196160?s=96&d=mm&r=g","caption":"Denniz L\u00f6fgren Hasyilmaz"},"url":"https:\/\/grapplingbloggen.se\/?author=32"}]}},"_links":{"self":[{"href":"https:\/\/grapplingbloggen.se\/index.php?rest_route=\/wp\/v2\/posts\/17992","targetHints":{"allow":["GET"]}}],"collection":[{"href":"https:\/\/grapplingbloggen.se\/index.php?rest_route=\/wp\/v2\/posts"}],"about":[{"href":"https:\/\/grapplingbloggen.se\/index.php?rest_route=\/wp\/v2\/types\/post"}],"author":[{"embeddable":true,"href":"https:\/\/grapplingbloggen.se\/index.php?rest_route=\/wp\/v2\/users\/32"}],"replies":[{"embeddable":true,"href":"https:\/\/grapplingbloggen.se\/index.php?rest_route=%2Fwp%2Fv2%2Fcomments&post=17992"}],"version-history":[{"count":10,"href":"https:\/\/grapplingbloggen.se\/index.php?rest_route=\/wp\/v2\/posts\/17992\/revisions"}],"predecessor-version":[{"id":18007,"href":"https:\/\/grapplingbloggen.se\/index.php?rest_route=\/wp\/v2\/posts\/17992\/revisions\/18007"}],"wp:attachment":[{"href":"https:\/\/grapplingbloggen.se\/index.php?rest_route=%2Fwp%2Fv2%2Fmedia&parent=17992"}],"wp:term":[{"taxonomy":"category","embeddable":true,"href":"https:\/\/grapplingbloggen.se\/index.php?rest_route=%2Fwp%2Fv2%2Fcategories&post=17992"},{"taxonomy":"post_tag","embeddable":true,"href":"https:\/\/grapplingbloggen.se\/index.php?rest_route=%2Fwp%2Fv2%2Ftags&post=17992"}],"curies":[{"name":"wp","href":"https:\/\/api.w.org\/{rel}","templated":true}]}}