{"id":18154,"date":"2016-11-22T07:00:02","date_gmt":"2016-11-22T06:00:02","guid":{"rendered":"https:\/\/grapplingbloggen.se\/?p=18154"},"modified":"2016-11-22T07:29:39","modified_gmt":"2016-11-22T06:29:39","slug":"swedish-open-sveriges-storsta-bjj-tavling","status":"publish","type":"post","link":"https:\/\/grapplingbloggen.se\/?p=18154","title":{"rendered":"Swedish Open &#8211; Sveriges st\u00f6rsta BJJ-t\u00e4vling"},"content":{"rendered":"<p><strong>Swedish Open satte ett inofficiellt slut p\u00e5 t\u00e4vlings\u00e5ret i Stenungsund i helgen.<\/strong><!--more--><\/p>\n<p>Som rubriken lyder \u00e4r Swedish Open Sveriges st\u00f6rsta BJJ-t\u00e4vling vilket var uppenbart av helgens n\u00e4stan 1000 deltagare. L\u00e4ktarna var fullpackade av tr\u00e4ningskamrater, v\u00e4nner, familj, flick- och pojkv\u00e4nner som ville f\u00f6lja h\u00e4ndelserna p\u00e5 de \u00e5tta mattorna utlagda p\u00e5 golvet i Sundahallen.<\/p>\n<p>Det var i lilab\u00e4ltenas \u00f6ppna viktklass som helgens enligt mig fr\u00e4msta underh\u00e5llning \u00e4gde rum, och i huvudrollerna hittades Frontlines fenomen\u00a0<strong>Tarik Hopstock\u00a0<\/strong>och Pranas dominant\u00a0<strong>Cemil Karahan.\u00a0<\/strong><\/p>\n<p><img loading=\"lazy\" decoding=\"async\" class=\"alignnone size-medium wp-image-18156\" src=\"https:\/\/grapplingbloggen.se\/wp-content\/uploads\/2016\/11\/14295486_1848363058731453_1787377810193514496_n-300x300.jpg\" alt=\"14295486_1848363058731453_1787377810193514496_n\" width=\"300\" height=\"300\" srcset=\"https:\/\/grapplingbloggen.se\/wp-content\/uploads\/2016\/11\/14295486_1848363058731453_1787377810193514496_n-300x300.jpg 300w, https:\/\/grapplingbloggen.se\/wp-content\/uploads\/2016\/11\/14295486_1848363058731453_1787377810193514496_n-150x150.jpg 150w, https:\/\/grapplingbloggen.se\/wp-content\/uploads\/2016\/11\/14295486_1848363058731453_1787377810193514496_n.jpg 480w\" sizes=\"auto, (max-width: 300px) 100vw, 300px\" \/><\/p>\n<p>Med namn som <strong>Tarik, Cemil,<\/strong>\u00a0Pranas <strong>Emad<\/strong><strong>\u00a0Omran\u00a0<\/strong>och\u00a0Arte Suaves\u00a0<strong>Marco Birch<\/strong> f\u00f6r att n\u00e4mna n\u00e5gra<strong>\u00a0<\/strong>var det som upplagt f\u00f6r galenskap. Och det var precis vad som levererades, i synnerhet i finalen d\u00e4r Cemil och Tarik m\u00f6ttes i en av helgens mest uppm\u00e4rksammade matcher.<\/p>\n<p>Ett antal klipp fr\u00e5n denna match hittas p\u00e5 @grapplingbloggens Instagram. Det hela b\u00f6rjade med att Cemil tog Tariks rygg mitt i en scramble vilket fick Pranas sida av publiken att jubla och sjunga h\u00f6gljutt. Ett tag s\u00e5g det ut som att Tarik skulle bli utdragen.<\/p>\n<p>Norrmannen lyckades ta sig tillbaka och vann tillslut en sansl\u00f6s match med sin patenterade Tarikoplata. Tarik sitter fortfarande p\u00e5 tronen men Cemil \u00e4r inte l\u00e5ngt borta och vem vet vad som h\u00e4nder n\u00e4sta g\u00e5ng de tv\u00e5 m\u00f6ts. En sak som \u00e4r s\u00e4ker \u00e4r att Norden har lilab\u00e4lten i yppersta v\u00e4rldsklass.<\/p>\n<p><img loading=\"lazy\" decoding=\"async\" class=\"alignnone size-medium wp-image-18137\" src=\"https:\/\/grapplingbloggen.se\/wp-content\/uploads\/2016\/11\/14611071_645456262288756_4324347015209813012_n-300x200.jpg\" alt=\"14611071_645456262288756_4324347015209813012_n\" width=\"300\" height=\"200\" srcset=\"https:\/\/grapplingbloggen.se\/wp-content\/uploads\/2016\/11\/14611071_645456262288756_4324347015209813012_n-300x200.jpg 300w, https:\/\/grapplingbloggen.se\/wp-content\/uploads\/2016\/11\/14611071_645456262288756_4324347015209813012_n-768x511.jpg 768w, https:\/\/grapplingbloggen.se\/wp-content\/uploads\/2016\/11\/14611071_645456262288756_4324347015209813012_n-109x72.jpg 109w, https:\/\/grapplingbloggen.se\/wp-content\/uploads\/2016\/11\/14611071_645456262288756_4324347015209813012_n.jpg 960w\" sizes=\"auto, (max-width: 300px) 100vw, 300px\" \/><\/p>\n<p>Det var en h\u00e4ndelserik helg med alltf\u00f6r m\u00e5nga imponerande prestationer, v\u00e4lf\u00f6rtj\u00e4nta vinster och fin Jiu Jitsu f\u00f6r att n\u00e4mna h\u00e4r. Men vi g\u00f6r vad vi kan f\u00f6r att belysa s\u00e5 m\u00e5nga av v\u00e5ra grapplers som vi kan. Det \u00e4r ett n\u00f6je och en \u00e4ra att Grapplingbloggen f\u00e5r den uppm\u00e4rksamheten som vi f\u00e5r och det \u00e4r minst lika mycket er l\u00e4sares f\u00f6rtj\u00e4nst som min. Tack.<\/p>\n<p style=\"text-align: right\"><em>Foto: Von G Photography<\/em><\/p>\n","protected":false},"excerpt":{"rendered":"<p>Swedish Open satte ett inofficiellt slut p\u00e5 t\u00e4vlings\u00e5ret i Stenungsund i helgen.<\/p>\n","protected":false},"author":32,"featured_media":0,"comment_status":"open","ping_status":"closed","sticky":false,"template":"","format":"standard","meta":{"footnotes":""},"categories":[4,377,197,174,8],"tags":[825,545,899,141,152,898,854],"class_list":{"0":"post-18154","1":"post","2":"type-post","3":"status-publish","4":"format-standard","6":"category-bjj","7":"category-grappling","8":"category-nyheter","9":"category-tavling","10":"category-tavlingar","11":"tag-cemil-karahan","12":"tag-emad-omran","13":"tag-frontline-bjj","14":"tag-prana-jiu-jitsu","15":"tag-swedish-open-bjj","16":"tag-swop-bjj","17":"tag-tarik-hopstock","18":"wrapper-post entry","19":"no-post-thumbnail","20":"wrapper-post-text"},"yoast_head":"<!-- This site is optimized with the Yoast SEO plugin v27.5 - https:\/\/yoast.com\/product\/yoast-seo-wordpress\/ -->\n<title>Swedish Open - Sveriges st\u00f6rsta BJJ-t\u00e4vling - Grapplingbloggen<\/title>\n<meta name=\"robots\" content=\"index, follow, max-snippet:-1, max-image-preview:large, max-video-preview:-1\" \/>\n<link rel=\"canonical\" href=\"https:\/\/grapplingbloggen.se\/?p=18154\" \/>\n<meta name=\"twitter:card\" content=\"summary_large_image\" \/>\n<meta name=\"twitter:title\" content=\"Swedish Open - Sveriges st\u00f6rsta BJJ-t\u00e4vling - Grapplingbloggen\" \/>\n<meta name=\"twitter:description\" content=\"Swedish Open satte ett inofficiellt slut p\u00e5 t\u00e4vlings\u00e5ret i Stenungsund i helgen.\" \/>\n<meta name=\"twitter:image\" content=\"https:\/\/grapplingbloggen.se\/wp-content\/uploads\/2016\/11\/14295486_1848363058731453_1787377810193514496_n.jpg\" \/>\n<meta name=\"twitter:label1\" content=\"Skriven av\" \/>\n\t<meta name=\"twitter:data1\" content=\"Denniz L\u00f6fgren Hasyilmaz\" \/>\n\t<meta name=\"twitter:label2\" content=\"Ber\u00e4knad l\u00e4stid\" \/>\n\t<meta name=\"twitter:data2\" content=\"2 minuter\" \/>\n<script type=\"application\/ld+json\" class=\"yoast-schema-graph\">{\"@context\":\"https:\\\/\\\/schema.org\",\"@graph\":[{\"@type\":\"Article\",\"@id\":\"https:\\\/\\\/grapplingbloggen.se\\\/?p=18154#article\",\"isPartOf\":{\"@id\":\"https:\\\/\\\/grapplingbloggen.se\\\/?p=18154\"},\"author\":{\"name\":\"Denniz L\u00f6fgren Hasyilmaz\",\"@id\":\"https:\\\/\\\/grapplingbloggen.se\\\/#\\\/schema\\\/person\\\/dafbf68d390d7ed0c8982d88a5b2673b\"},\"headline\":\"Swedish Open &#8211; Sveriges st\u00f6rsta BJJ-t\u00e4vling\",\"datePublished\":\"2016-11-22T06:00:02+00:00\",\"dateModified\":\"2016-11-22T06:29:39+00:00\",\"mainEntityOfPage\":{\"@id\":\"https:\\\/\\\/grapplingbloggen.se\\\/?p=18154\"},\"wordCount\":349,\"commentCount\":0,\"publisher\":{\"@id\":\"https:\\\/\\\/grapplingbloggen.se\\\/#organization\"},\"image\":{\"@id\":\"https:\\\/\\\/grapplingbloggen.se\\\/?p=18154#primaryimage\"},\"thumbnailUrl\":\"https:\\\/\\\/grapplingbloggen.se\\\/wp-content\\\/uploads\\\/2016\\\/11\\\/14295486_1848363058731453_1787377810193514496_n-300x300.jpg\",\"keywords\":[\"Cemil Karahan\",\"Emad Omran\",\"Frontline BJJ\",\"Prana Jiu-Jitsu\",\"Swedish Open BJJ\",\"SWOP BJJ\",\"Tarik Hopstock\"],\"articleSection\":[\"BJJ\",\"Grappling\",\"Nyheter\",\"T\u00e4vling\",\"T\u00e4vlingar\"],\"inLanguage\":\"sv-SE\",\"potentialAction\":[{\"@type\":\"CommentAction\",\"name\":\"Comment\",\"target\":[\"https:\\\/\\\/grapplingbloggen.se\\\/?p=18154#respond\"]}]},{\"@type\":\"WebPage\",\"@id\":\"https:\\\/\\\/grapplingbloggen.se\\\/?p=18154\",\"url\":\"https:\\\/\\\/grapplingbloggen.se\\\/?p=18154\",\"name\":\"Swedish Open - Sveriges st\u00f6rsta BJJ-t\u00e4vling - Grapplingbloggen\",\"isPartOf\":{\"@id\":\"https:\\\/\\\/grapplingbloggen.se\\\/#website\"},\"primaryImageOfPage\":{\"@id\":\"https:\\\/\\\/grapplingbloggen.se\\\/?p=18154#primaryimage\"},\"image\":{\"@id\":\"https:\\\/\\\/grapplingbloggen.se\\\/?p=18154#primaryimage\"},\"thumbnailUrl\":\"https:\\\/\\\/grapplingbloggen.se\\\/wp-content\\\/uploads\\\/2016\\\/11\\\/14295486_1848363058731453_1787377810193514496_n-300x300.jpg\",\"datePublished\":\"2016-11-22T06:00:02+00:00\",\"dateModified\":\"2016-11-22T06:29:39+00:00\",\"breadcrumb\":{\"@id\":\"https:\\\/\\\/grapplingbloggen.se\\\/?p=18154#breadcrumb\"},\"inLanguage\":\"sv-SE\",\"potentialAction\":[{\"@type\":\"ReadAction\",\"target\":[\"https:\\\/\\\/grapplingbloggen.se\\\/?p=18154\"]}]},{\"@type\":\"ImageObject\",\"inLanguage\":\"sv-SE\",\"@id\":\"https:\\\/\\\/grapplingbloggen.se\\\/?p=18154#primaryimage\",\"url\":\"https:\\\/\\\/grapplingbloggen.se\\\/wp-content\\\/uploads\\\/2016\\\/11\\\/14295486_1848363058731453_1787377810193514496_n.jpg\",\"contentUrl\":\"https:\\\/\\\/grapplingbloggen.se\\\/wp-content\\\/uploads\\\/2016\\\/11\\\/14295486_1848363058731453_1787377810193514496_n.jpg\",\"width\":480,\"height\":480},{\"@type\":\"BreadcrumbList\",\"@id\":\"https:\\\/\\\/grapplingbloggen.se\\\/?p=18154#breadcrumb\",\"itemListElement\":[{\"@type\":\"ListItem\",\"position\":1,\"name\":\"Hem\",\"item\":\"https:\\\/\\\/grapplingbloggen.se\\\/\"},{\"@type\":\"ListItem\",\"position\":2,\"name\":\"Swedish Open &#8211; Sveriges st\u00f6rsta BJJ-t\u00e4vling\"}]},{\"@type\":\"WebSite\",\"@id\":\"https:\\\/\\\/grapplingbloggen.se\\\/#website\",\"url\":\"https:\\\/\\\/grapplingbloggen.se\\\/\",\"name\":\"Grapplingbloggen\",\"description\":\"\",\"publisher\":{\"@id\":\"https:\\\/\\\/grapplingbloggen.se\\\/#organization\"},\"potentialAction\":[{\"@type\":\"SearchAction\",\"target\":{\"@type\":\"EntryPoint\",\"urlTemplate\":\"https:\\\/\\\/grapplingbloggen.se\\\/?s={search_term_string}\"},\"query-input\":{\"@type\":\"PropertyValueSpecification\",\"valueRequired\":true,\"valueName\":\"search_term_string\"}}],\"inLanguage\":\"sv-SE\"},{\"@type\":\"Organization\",\"@id\":\"https:\\\/\\\/grapplingbloggen.se\\\/#organization\",\"name\":\"Grapplingbloggen\",\"url\":\"https:\\\/\\\/grapplingbloggen.se\\\/\",\"logo\":{\"@type\":\"ImageObject\",\"inLanguage\":\"sv-SE\",\"@id\":\"https:\\\/\\\/grapplingbloggen.se\\\/#\\\/schema\\\/logo\\\/image\\\/\",\"url\":\"https:\\\/\\\/grapplingbloggen.se\\\/wp-content\\\/uploads\\\/2017\\\/04\\\/cropped-grapplingbloggen-logo-2017-v2.png\",\"contentUrl\":\"https:\\\/\\\/grapplingbloggen.se\\\/wp-content\\\/uploads\\\/2017\\\/04\\\/cropped-grapplingbloggen-logo-2017-v2.png\",\"width\":570,\"height\":110,\"caption\":\"Grapplingbloggen\"},\"image\":{\"@id\":\"https:\\\/\\\/grapplingbloggen.se\\\/#\\\/schema\\\/logo\\\/image\\\/\"}},{\"@type\":\"Person\",\"@id\":\"https:\\\/\\\/grapplingbloggen.se\\\/#\\\/schema\\\/person\\\/dafbf68d390d7ed0c8982d88a5b2673b\",\"name\":\"Denniz L\u00f6fgren Hasyilmaz\",\"image\":{\"@type\":\"ImageObject\",\"inLanguage\":\"sv-SE\",\"@id\":\"https:\\\/\\\/secure.gravatar.com\\\/avatar\\\/b5bfd3cd27cbb82a4b79a55ba67ccf1cc7a223a9bf2fa3f63572319657196160?s=96&d=mm&r=g\",\"url\":\"https:\\\/\\\/secure.gravatar.com\\\/avatar\\\/b5bfd3cd27cbb82a4b79a55ba67ccf1cc7a223a9bf2fa3f63572319657196160?s=96&d=mm&r=g\",\"contentUrl\":\"https:\\\/\\\/secure.gravatar.com\\\/avatar\\\/b5bfd3cd27cbb82a4b79a55ba67ccf1cc7a223a9bf2fa3f63572319657196160?s=96&d=mm&r=g\",\"caption\":\"Denniz L\u00f6fgren Hasyilmaz\"},\"url\":\"https:\\\/\\\/grapplingbloggen.se\\\/?author=32\"}]}<\/script>\n<!-- \/ Yoast SEO plugin. -->","yoast_head_json":{"title":"Swedish Open - Sveriges st\u00f6rsta BJJ-t\u00e4vling - Grapplingbloggen","robots":{"index":"index","follow":"follow","max-snippet":"max-snippet:-1","max-image-preview":"max-image-preview:large","max-video-preview":"max-video-preview:-1"},"canonical":"https:\/\/grapplingbloggen.se\/?p=18154","twitter_card":"summary_large_image","twitter_title":"Swedish Open - Sveriges st\u00f6rsta BJJ-t\u00e4vling - Grapplingbloggen","twitter_description":"Swedish Open satte ett inofficiellt slut p\u00e5 t\u00e4vlings\u00e5ret i Stenungsund i helgen.","twitter_image":"https:\/\/grapplingbloggen.se\/wp-content\/uploads\/2016\/11\/14295486_1848363058731453_1787377810193514496_n.jpg","twitter_misc":{"Skriven av":"Denniz L\u00f6fgren Hasyilmaz","Ber\u00e4knad l\u00e4stid":"2 minuter"},"schema":{"@context":"https:\/\/schema.org","@graph":[{"@type":"Article","@id":"https:\/\/grapplingbloggen.se\/?p=18154#article","isPartOf":{"@id":"https:\/\/grapplingbloggen.se\/?p=18154"},"author":{"name":"Denniz L\u00f6fgren Hasyilmaz","@id":"https:\/\/grapplingbloggen.se\/#\/schema\/person\/dafbf68d390d7ed0c8982d88a5b2673b"},"headline":"Swedish Open &#8211; Sveriges st\u00f6rsta BJJ-t\u00e4vling","datePublished":"2016-11-22T06:00:02+00:00","dateModified":"2016-11-22T06:29:39+00:00","mainEntityOfPage":{"@id":"https:\/\/grapplingbloggen.se\/?p=18154"},"wordCount":349,"commentCount":0,"publisher":{"@id":"https:\/\/grapplingbloggen.se\/#organization"},"image":{"@id":"https:\/\/grapplingbloggen.se\/?p=18154#primaryimage"},"thumbnailUrl":"https:\/\/grapplingbloggen.se\/wp-content\/uploads\/2016\/11\/14295486_1848363058731453_1787377810193514496_n-300x300.jpg","keywords":["Cemil Karahan","Emad Omran","Frontline BJJ","Prana Jiu-Jitsu","Swedish Open BJJ","SWOP BJJ","Tarik Hopstock"],"articleSection":["BJJ","Grappling","Nyheter","T\u00e4vling","T\u00e4vlingar"],"inLanguage":"sv-SE","potentialAction":[{"@type":"CommentAction","name":"Comment","target":["https:\/\/grapplingbloggen.se\/?p=18154#respond"]}]},{"@type":"WebPage","@id":"https:\/\/grapplingbloggen.se\/?p=18154","url":"https:\/\/grapplingbloggen.se\/?p=18154","name":"Swedish Open - Sveriges st\u00f6rsta BJJ-t\u00e4vling - Grapplingbloggen","isPartOf":{"@id":"https:\/\/grapplingbloggen.se\/#website"},"primaryImageOfPage":{"@id":"https:\/\/grapplingbloggen.se\/?p=18154#primaryimage"},"image":{"@id":"https:\/\/grapplingbloggen.se\/?p=18154#primaryimage"},"thumbnailUrl":"https:\/\/grapplingbloggen.se\/wp-content\/uploads\/2016\/11\/14295486_1848363058731453_1787377810193514496_n-300x300.jpg","datePublished":"2016-11-22T06:00:02+00:00","dateModified":"2016-11-22T06:29:39+00:00","breadcrumb":{"@id":"https:\/\/grapplingbloggen.se\/?p=18154#breadcrumb"},"inLanguage":"sv-SE","potentialAction":[{"@type":"ReadAction","target":["https:\/\/grapplingbloggen.se\/?p=18154"]}]},{"@type":"ImageObject","inLanguage":"sv-SE","@id":"https:\/\/grapplingbloggen.se\/?p=18154#primaryimage","url":"https:\/\/grapplingbloggen.se\/wp-content\/uploads\/2016\/11\/14295486_1848363058731453_1787377810193514496_n.jpg","contentUrl":"https:\/\/grapplingbloggen.se\/wp-content\/uploads\/2016\/11\/14295486_1848363058731453_1787377810193514496_n.jpg","width":480,"height":480},{"@type":"BreadcrumbList","@id":"https:\/\/grapplingbloggen.se\/?p=18154#breadcrumb","itemListElement":[{"@type":"ListItem","position":1,"name":"Hem","item":"https:\/\/grapplingbloggen.se\/"},{"@type":"ListItem","position":2,"name":"Swedish Open &#8211; Sveriges st\u00f6rsta BJJ-t\u00e4vling"}]},{"@type":"WebSite","@id":"https:\/\/grapplingbloggen.se\/#website","url":"https:\/\/grapplingbloggen.se\/","name":"Grapplingbloggen","description":"","publisher":{"@id":"https:\/\/grapplingbloggen.se\/#organization"},"potentialAction":[{"@type":"SearchAction","target":{"@type":"EntryPoint","urlTemplate":"https:\/\/grapplingbloggen.se\/?s={search_term_string}"},"query-input":{"@type":"PropertyValueSpecification","valueRequired":true,"valueName":"search_term_string"}}],"inLanguage":"sv-SE"},{"@type":"Organization","@id":"https:\/\/grapplingbloggen.se\/#organization","name":"Grapplingbloggen","url":"https:\/\/grapplingbloggen.se\/","logo":{"@type":"ImageObject","inLanguage":"sv-SE","@id":"https:\/\/grapplingbloggen.se\/#\/schema\/logo\/image\/","url":"https:\/\/grapplingbloggen.se\/wp-content\/uploads\/2017\/04\/cropped-grapplingbloggen-logo-2017-v2.png","contentUrl":"https:\/\/grapplingbloggen.se\/wp-content\/uploads\/2017\/04\/cropped-grapplingbloggen-logo-2017-v2.png","width":570,"height":110,"caption":"Grapplingbloggen"},"image":{"@id":"https:\/\/grapplingbloggen.se\/#\/schema\/logo\/image\/"}},{"@type":"Person","@id":"https:\/\/grapplingbloggen.se\/#\/schema\/person\/dafbf68d390d7ed0c8982d88a5b2673b","name":"Denniz L\u00f6fgren Hasyilmaz","image":{"@type":"ImageObject","inLanguage":"sv-SE","@id":"https:\/\/secure.gravatar.com\/avatar\/b5bfd3cd27cbb82a4b79a55ba67ccf1cc7a223a9bf2fa3f63572319657196160?s=96&d=mm&r=g","url":"https:\/\/secure.gravatar.com\/avatar\/b5bfd3cd27cbb82a4b79a55ba67ccf1cc7a223a9bf2fa3f63572319657196160?s=96&d=mm&r=g","contentUrl":"https:\/\/secure.gravatar.com\/avatar\/b5bfd3cd27cbb82a4b79a55ba67ccf1cc7a223a9bf2fa3f63572319657196160?s=96&d=mm&r=g","caption":"Denniz L\u00f6fgren Hasyilmaz"},"url":"https:\/\/grapplingbloggen.se\/?author=32"}]}},"_links":{"self":[{"href":"https:\/\/grapplingbloggen.se\/index.php?rest_route=\/wp\/v2\/posts\/18154","targetHints":{"allow":["GET"]}}],"collection":[{"href":"https:\/\/grapplingbloggen.se\/index.php?rest_route=\/wp\/v2\/posts"}],"about":[{"href":"https:\/\/grapplingbloggen.se\/index.php?rest_route=\/wp\/v2\/types\/post"}],"author":[{"embeddable":true,"href":"https:\/\/grapplingbloggen.se\/index.php?rest_route=\/wp\/v2\/users\/32"}],"replies":[{"embeddable":true,"href":"https:\/\/grapplingbloggen.se\/index.php?rest_route=%2Fwp%2Fv2%2Fcomments&post=18154"}],"version-history":[{"count":6,"href":"https:\/\/grapplingbloggen.se\/index.php?rest_route=\/wp\/v2\/posts\/18154\/revisions"}],"predecessor-version":[{"id":18161,"href":"https:\/\/grapplingbloggen.se\/index.php?rest_route=\/wp\/v2\/posts\/18154\/revisions\/18161"}],"wp:attachment":[{"href":"https:\/\/grapplingbloggen.se\/index.php?rest_route=%2Fwp%2Fv2%2Fmedia&parent=18154"}],"wp:term":[{"taxonomy":"category","embeddable":true,"href":"https:\/\/grapplingbloggen.se\/index.php?rest_route=%2Fwp%2Fv2%2Fcategories&post=18154"},{"taxonomy":"post_tag","embeddable":true,"href":"https:\/\/grapplingbloggen.se\/index.php?rest_route=%2Fwp%2Fv2%2Ftags&post=18154"}],"curies":[{"name":"wp","href":"https:\/\/api.w.org\/{rel}","templated":true}]}}