{"id":18369,"date":"2017-03-13T19:05:07","date_gmt":"2017-03-13T18:05:07","guid":{"rendered":"https:\/\/grapplingbloggen.se\/?p=18369"},"modified":"2017-04-15T14:17:14","modified_gmt":"2017-04-15T12:17:14","slug":"infor-panams-inifran-atos-jiu-jitsu-med-daniel-eklund","status":"publish","type":"post","link":"https:\/\/grapplingbloggen.se\/?p=18369","title":{"rendered":"Inf\u00f6r PanAms: Inifr\u00e5n Atos Jiu Jitsu med Daniel Eklund"},"content":{"rendered":"<p><strong>Ett av v\u00e5ra fr\u00e4msta svenska lilab\u00e4lten \u00e4r just nu i San Diego och f\u00f6rbereder sig med n\u00e5gra av v\u00e4rldens b\u00e4sta grapplers f\u00f6r PanAms i USA nu p\u00e5 torsdag. H\u00e4ng med n\u00e4r Daniel Eklund rapporterar fr\u00e5n inuti Atos lokaler!<\/strong><!--more--><\/p>\n<p><img loading=\"lazy\" decoding=\"async\" class=\"alignnone size-medium wp-image-18370\" src=\"https:\/\/grapplingbloggen.se\/wp-content\/uploads\/2017\/03\/17321336_1187391478050144_824248529_n-300x200.jpg\" alt=\"\" width=\"300\" height=\"200\" srcset=\"https:\/\/grapplingbloggen.se\/wp-content\/uploads\/2017\/03\/17321336_1187391478050144_824248529_n-300x200.jpg 300w, https:\/\/grapplingbloggen.se\/wp-content\/uploads\/2017\/03\/17321336_1187391478050144_824248529_n-768x512.jpg 768w, https:\/\/grapplingbloggen.se\/wp-content\/uploads\/2017\/03\/17321336_1187391478050144_824248529_n-109x72.jpg 109w, https:\/\/grapplingbloggen.se\/wp-content\/uploads\/2017\/03\/17321336_1187391478050144_824248529_n.jpg 960w\" sizes=\"auto, (max-width: 300px) 100vw, 300px\" \/><\/p>\n<p>Vid det h\u00e4r laget \u00e4r det inte m\u00e5nga inbitna svenska grapplers och grapplingfans som inte k\u00e4nner till <strong>Daniel Eklund<\/strong>, den unge g\u00f6teborgaren som tog <strong>EM-brons<\/strong> som <strong><span style=\"color: #0000ff;\">bl\u00e5b\u00e4lte<\/span><\/strong> och har g\u00e5tt som t\u00e5get sedan <strong>Jonathan Thomas<\/strong> tr\u00e4dde <strong><span style=\"color: #800080;\">lilab\u00e4ltet<\/span><\/strong> kring midjan f\u00f6rra \u00e5ret. <strong>Daniel<\/strong> befinner sig just nu i <strong>San Diego<\/strong> och <strong>Grapplingbloggen<\/strong> passade att fr\u00e5ga stj\u00e4rnskottet lite om samarbetet med <strong>Andre Galvao<\/strong>, hur <strong>USA<\/strong> behandlar det svenska guldhoppet och hur tr\u00e4ningen inf\u00f6r <em><strong>PanAms<\/strong><\/em>, en av v\u00e4rldens absolut st\u00f6rsta BJJ-t\u00e4vlingar, g\u00e5r till p\u00e5 en av sportens fr\u00e4msta klubbar, <strong>Atos<\/strong>:<\/p>\n<blockquote><p><em>Redan som Juvenile b\u00f6rjade min relation med <strong>Andre Galvao<\/strong> och <strong>ATOS<\/strong> lite l\u00e4tt. Efter det har jag alltid haft i \u00e5tanke att jag n\u00e5gon dag kan komma att representera dem under internationella t\u00e4vlingar.<\/em><br \/>\n<em>Under tr\u00e4ningsl\u00e4gret p\u00e5 <strong>Valhalla Jiu-Jitsu<\/strong> inf\u00f6r det Europeiska m\u00e4sterskapet tr\u00e4nade jag med <strong>Andris Brunovskis<\/strong>, ett svartb\u00e4lte under <strong>Andre Galvao<\/strong>, vilket \u00f6ppnade upp d\u00f6rrarna mer f\u00f6r mig med <strong>ATOS<\/strong>.<\/em><\/p>\n<p><em>N\u00e4r jag kom till <strong>USA<\/strong> f\u00f6r att tr\u00e4na inf\u00f6r det Pan-Amerikanska m\u00e4sterskapet s\u00e5 fick jag ett extremt bra bem\u00f6tande p\u00e5 <strong>ATOS<\/strong>. <strong>Andre Galvao<\/strong> kom direkt ih\u00e5g mig n\u00e4r jag \u00f6ppnade d\u00f6rren. Vilket var roligt!<\/em><\/p>\n<p><em>N\u00e4r jag kom till <strong>ATOS HQ<\/strong> f\u00f6r ett par veckor sedan k\u00e4ndes f\u00f6rsta passet som att g\u00e5 in i v\u00e4ggen. Tr\u00e4ningen h\u00e4r \u00e4r m\u00e5nga g\u00e5nger h\u00e5rd och extrem. Jag b\u00f6rjade anpassa mig till den nya stilen och efter att jetlaggen b\u00f6rjade f\u00f6rsvinna kunde jag b\u00f6rja prestera. Jag blev tillkallad till <strong>Andre<\/strong> och vi b\u00f6rjade prata om att jag skulle t\u00e4vla f\u00f6r dem. N\u00e4r alla p\u00e5 mattan fick reda p\u00e5 det kort d\u00e4rp\u00e5 fick jag ett stort och varmt v\u00e4lkomnande!<\/em><\/p><\/blockquote>\n<p><img loading=\"lazy\" decoding=\"async\" class=\"alignnone size-medium wp-image-18376\" src=\"https:\/\/grapplingbloggen.se\/wp-content\/uploads\/2017\/03\/17270097_10154502777424389_310007919_n-300x225.jpg\" alt=\"\" width=\"300\" height=\"225\" srcset=\"https:\/\/grapplingbloggen.se\/wp-content\/uploads\/2017\/03\/17270097_10154502777424389_310007919_n-300x225.jpg 300w, https:\/\/grapplingbloggen.se\/wp-content\/uploads\/2017\/03\/17270097_10154502777424389_310007919_n-768x576.jpg 768w, https:\/\/grapplingbloggen.se\/wp-content\/uploads\/2017\/03\/17270097_10154502777424389_310007919_n.jpg 960w\" sizes=\"auto, (max-width: 300px) 100vw, 300px\" \/><img loading=\"lazy\" decoding=\"async\" class=\"alignnone size-medium wp-image-18375\" src=\"https:\/\/grapplingbloggen.se\/wp-content\/uploads\/2017\/03\/17274207_10154502777444389_1361643781_n-300x225.jpg\" alt=\"\" width=\"300\" height=\"225\" srcset=\"https:\/\/grapplingbloggen.se\/wp-content\/uploads\/2017\/03\/17274207_10154502777444389_1361643781_n-300x225.jpg 300w, https:\/\/grapplingbloggen.se\/wp-content\/uploads\/2017\/03\/17274207_10154502777444389_1361643781_n.jpg 373w\" sizes=\"auto, (max-width: 300px) 100vw, 300px\" \/><\/p>\n<p>Om hur tr\u00e4ningen g\u00e5r till p\u00e5 <strong>Atos<\/strong>:<\/p>\n<blockquote><p><em>Efter l\u00e5nga uppv\u00e4rmningar \u00e4r det vanligt att man k\u00f6r 10&#215;8 minuter sparring, vilket tillslut k\u00e4nns l\u00e4tt i j\u00e4mf\u00f6relse med 10&#215;10 rundorna (hehe). Tr\u00e4ningen \u00e4r formad f\u00f6r att f\u00e5 k\u00e4nslan att man g\u00e5r igenom eld, f\u00f6r att \u201cflyta i vatten\u201d p\u00e5 t\u00e4vlingar.<\/em><\/p>\n<p><em>M\u00e5nga av de absolut b\u00e4sta i v\u00e4rlden befinner sig p\u00e5 den mattan och att f\u00e5 tr\u00e4na och m\u00e4ta sig mot dem \u00e4r till stor nytta inf\u00f6r ett m\u00e4sterskap. N\u00e5gra av namnen jag k\u00f6r med \u00e4r <strong>Lucas Barbosa, Andris Brunovskis, Michael Liera<\/strong>, <strong><span style=\"color: #800080;\">Dominique Bell<\/span><\/strong>, <strong><span style=\"color: #800080;\">Rolando Samson, Kaynan Duarte<\/span><\/strong>, <strong><span style=\"color: #800080;\">Jonnatas \u201cGracie\u201d<\/span><\/strong>och ett flertal andra monster!<\/em><\/p><\/blockquote>\n<p>Hemklubben <em><strong>Valhalla Jiu Jitsu<\/strong><\/em> i <strong>G\u00f6teborg<\/strong> har satsat rej\u00e4lt p\u00e5 senare tid med heltidscoachen <strong>Jonathan Thomas<\/strong> och ett Europeans-camp med en rad internationella svartb\u00e4lten i v\u00e4rldsklass bakom styret. <strong>Daniel<\/strong> ber\u00e4ttar mer om Valhallas satsning och vad den betyder f\u00f6r de som tr\u00e4nar och t\u00e4vlar f\u00f6r klubben:<\/p>\n<blockquote><p><em><strong>Jonathan Thomas<\/strong> &amp; <strong>Leo Graf<\/strong> tillsammans med mina tr\u00e4ningskamrater har gjort mig redo f\u00f6r denna resan. Det finns ingen i v\u00e4rlden som p\u00e5 molekylniv\u00e5 kan f\u00f6rklara hur och varf\u00f6r jag skall r\u00f6ra mig p\u00e5 ett speciellt s\u00e4tt som <strong>Jonathan<\/strong> kan. Han brinner f\u00f6r utveckling och hans passion f\u00f6r <strong>Jiu-Jitsu<\/strong> \u00e4r i s\u00e4rklass den starkaste jag sett.<\/em><\/p>\n<p><em>F\u00f6r att ta steget l\u00e4ngre mot \u00e4nnu h\u00f6gre h\u00f6jder har vi haft utbyten med till exempel <strong>Tanner Rice, Andris Brunovskis<\/strong> och <strong>Alec Baulding<\/strong>. Vilket ger oss m\u00f6jligheten att j\u00e4mf\u00f6ra oss p\u00e5 hemmaplan med v\u00e4rldseliten. M\u00e5let med v\u00e5rt Europeans-camp var att oavsett vilken position\/stil man kan komma att m\u00f6ta p\u00e5 t\u00e4vlingen skall vi vara bergs\u00e4kra p\u00e5 vad vi skall g\u00f6ra och hur. <strong>Tommy Lang\u00e5ker, Tanner Rice, Andris Brunovskis, Alec Baulding<\/strong> och <strong>Jonathan<\/strong> tillsammans gav oss alla f\u00f6ruts\u00e4ttningarna till just detta. Denna typ av satsning \u00e4r mycket givande eftersom man kan skr\u00e4ddarsy behovet efter individen och helheten f\u00f6r klubben, det \u00e4r n\u00e5got vi kommer att forts\u00e4tta med.<\/em><\/p><\/blockquote>\n<p><img loading=\"lazy\" decoding=\"async\" class=\"alignnone size-medium wp-image-18371\" src=\"https:\/\/grapplingbloggen.se\/wp-content\/uploads\/2017\/03\/17230109_1187392121383413_1534411674_o-300x156.jpg\" alt=\"\" width=\"300\" height=\"156\" srcset=\"https:\/\/grapplingbloggen.se\/wp-content\/uploads\/2017\/03\/17230109_1187392121383413_1534411674_o-300x156.jpg 300w, https:\/\/grapplingbloggen.se\/wp-content\/uploads\/2017\/03\/17230109_1187392121383413_1534411674_o-768x399.jpg 768w, https:\/\/grapplingbloggen.se\/wp-content\/uploads\/2017\/03\/17230109_1187392121383413_1534411674_o-1024x533.jpg 1024w, https:\/\/grapplingbloggen.se\/wp-content\/uploads\/2017\/03\/17230109_1187392121383413_1534411674_o.jpg 1846w\" sizes=\"auto, (max-width: 300px) 100vw, 300px\" \/><\/p>\n<p>Vi f\u00e5r \u00e4ven l\u00e4ra oss lite mer om <strong>Daniels<\/strong> bakgrund, hans uppv\u00e4xt, vad som lockade honom till grappling och vad han har f\u00f6r t\u00e4vlingsm\u00e5l fram\u00f6ver:<\/p>\n<blockquote><p><em>Grappling har jag brunnit f\u00f6r sedan tidiga ton\u00e5ren men det \u00e4r fr\u00e4mst under senaste \u00e5ren som jag verkligen tagit steget att satsa. Det som lockade mig till sporten \u00e4r egentligen min bakgrund. Jag b\u00f6rjade som barn med brottning vilket \u00e4n i dag st\u00e5r till grund f\u00f6r min fysik. Jag \u00e4r beroende av utveckling och n\u00e4r jag fick m\u00f6jligheten att pr\u00f6va grappling ins\u00e5g jag n\u00e5gonstans att det \u00e4r o\u00e4ndligt, eller r\u00e4ttare sagt \u00e4r det enbart din fantasi som s\u00e4tter gr\u00e4nser.<\/em><\/p>\n<p><em>Jag har under min uppv\u00e4xt f\u00e5tt mycket st\u00f6d av familj och v\u00e4nner f\u00f6r att g\u00f6ra min satsning. N\u00e4r alla v\u00e4nner \u00e4r ute och festar har jag m\u00e5nga g\u00e5nger f\u00e5tt n\u00f6ja mig med kosttillskott och s\u00f6mn! Men efter stora t\u00e4vlingar m\u00e5ste \u00e4ven jag f\u00e5 ha lite roligt, inte sant?(hehe)<\/em><br \/>\n<em>Vid sidan av tr\u00e4ningen jobbar jag p\u00e5 <strong>Eklundsbil<\/strong> och min prim\u00e4ra syssla \u00e4r att k\u00f6pa bilar. Det \u00e4r en dr\u00f6m att f\u00e5 kunna jobba med min far, l\u00e4ra av honom och utvecklas tillsammans. Varje dag p\u00e5 jobbet omringas jag av kampsportare och arbetskollegor som alla ger mig lycka i min vardag.<\/em><\/p><\/blockquote>\n<p><img loading=\"lazy\" decoding=\"async\" class=\"alignnone size-medium wp-image-18373\" src=\"https:\/\/grapplingbloggen.se\/wp-content\/uploads\/2017\/03\/15895090_10154324738554389_4043813825118145188_n-300x300.jpg\" alt=\"\" width=\"300\" height=\"300\" srcset=\"https:\/\/grapplingbloggen.se\/wp-content\/uploads\/2017\/03\/15895090_10154324738554389_4043813825118145188_n-300x300.jpg 300w, https:\/\/grapplingbloggen.se\/wp-content\/uploads\/2017\/03\/15895090_10154324738554389_4043813825118145188_n-150x150.jpg 150w, https:\/\/grapplingbloggen.se\/wp-content\/uploads\/2017\/03\/15895090_10154324738554389_4043813825118145188_n-768x768.jpg 768w, https:\/\/grapplingbloggen.se\/wp-content\/uploads\/2017\/03\/15895090_10154324738554389_4043813825118145188_n.jpg 960w\" sizes=\"auto, (max-width: 300px) 100vw, 300px\" \/><\/p>\n<p>F\u00f6r er som sett <strong>Daniel Eklund<\/strong> t\u00e4vla \u00e4r det n\u00e5got man inte gl\u00f6mmer i f\u00f6rsta taget &#8211; ut\u00f6ver de sansl\u00f6st imponerande prestationerna p\u00e5 mattan har g\u00f6teborgaren ett minspel som m\u00e5ste vara bland det v\u00e4rsta en motst\u00e5ndare kan uppleva inf\u00f6r en match. Han hoppar runt, sl\u00e5r sig sj\u00e4lv i ansiktet och ser ut som om han \u00e4r p\u00e5v\u00e4g ut i strid p\u00e5 liv och d\u00f6d. Vilket han p\u00e5 s\u00e4tt och vis \u00e4r.<strong> Daniel<\/strong> ber\u00e4ttar om sin mindset inf\u00f6r t\u00e4vling och hur han laddar upp mentalt inf\u00f6r stora turneringar:<\/p>\n<blockquote><p><em>Haha mitt minspel! Det \u00e4r n\u00e5got jag gjort sedan mina f\u00f6rsta matcher i brottning. Att g\u00f6ra likadan rutin varje g\u00e5ng man t\u00e4vlar tror jag starkt p\u00e5. Det \u00e4r en trigger som f\u00e5r mig att t\u00e4nda till och ger mig en perfekt balans av fokus, aggression och hunger. K\u00e4nslan \u00e4r som att \u00f6ppna buren till ett lejon.<\/em><\/p>\n<p><em>P\u00e5 t\u00e4vlingsdagen finns det inget i mitt huvud mer \u00e4n att detta \u00e4r min dag. Och det repeterar jag konstant f\u00f6r mig sj\u00e4lv, om och om igen. Det finns inte en sekund som jag tvivlar p\u00e5 mig sj\u00e4lv. Det finns inte p\u00e5 v\u00e4rldskartan att jag skall f\u00f6rlora. F\u00f6r om jag t\u00e4nker det, kommer jag att g\u00f6ra det.<\/em><\/p>\n<p><em>Under uppladdningen inf\u00f6r en t\u00e4vling lyssnar jag alltid p\u00e5 samma l\u00e5tar som jag kommer att g\u00f6ra p\u00e5 t\u00e4vlingen. Min mentala uppladdning \u00e4r att visualisera allt p\u00e5 t\u00e4vlingen, k\u00e4nslan, lukten och omgivningen. Visualisering kr\u00e4ver mycket tr\u00e4ning men \u00e4r extremt effektivt.<\/em><\/p>\n<p><em>Mina m\u00e5ls\u00e4ttningar g\u00e5r att relatera till mitt s\u00e4tt att t\u00e4nka. Vilket \u00e4r att varje dag k\u00e4nna att jag gjort mitt b\u00e4sta i allt jag s\u00e4tter mitt finger p\u00e5. L\u00e5ngsiktigt, i form av l\u00e5t oss s\u00e4ga t\u00e4vlingar, utspeglar det sig om jag full\u00e4ndat det eller inte. Om det \u00e4r i form av en medalj, so be it.<\/em><\/p>\n<p><em>T\u00e4vling \u00e4r mer \u00e4n att bara vinna en match, en final eller ett m\u00e4sterskap. F\u00f6r mig \u00e4r t\u00e4vling ett facit p\u00e5 om ens tr\u00e4ning, passion och tankes\u00e4tt g\u00e5r \u00e5t r\u00e4tt h\u00e5ll.<\/em><\/p>\n<p><em>Den sv\u00e5raste t\u00e4vlingen att genomf\u00f6ra \u00e4r den mot en sj\u00e4lv, kan du kolla dig sj\u00e4lv i spegeln och vinna \u00f6ver den som st\u00e5r d\u00e4r, finns det ingen som kan stoppa dig. Mitt l\u00e5ngsiktiga m\u00e5l \u00e4r att uppfylla alla kortsiktiga m\u00e5l f\u00f6r att sen kunna blicka tillbaka och k\u00e4nna, det var v\u00e4rt det.<\/em><\/p>\n<p><em>Nu och fram\u00f6ver kommer jag internationellt t\u00e4vla under <strong>Andre Galvao, ATOS<\/strong>. Nationellt representerar jag <strong>Valhalla Jiu-Jitsu<\/strong>. N\u00e4sta t\u00e4vling \u00e4r <strong>PanAms<\/strong>. N\u00e4sta destination \u00e4r <strong>Worlds<\/strong>.<\/em><\/p>\n<p><em>Min trigger som man kan se h\u00e4r\u00a0<a href=\"https:\/\/youtu.be\/XqYWoSKSsq8\" target=\"_blank\" rel=\"nofollow\">https:\/\/youtu.be\/XqYWoSKSsq8<\/a>\u00a0, \u00e4r ett s\u00e4tt f\u00f6r mig att hitta mig sj\u00e4lv, och vinna \u00f6ver motst\u00e5ndaren redan innan matchen b\u00f6rjar. Mycket av min resa finns p\u00e5 sociala medier, vill ni ta del av min resa och satsning heter jag: <strong>@Danieleklundbjj<\/strong> p\u00e5 <strong>Instagram<\/strong>!<\/em><\/p><\/blockquote>\n<p><img loading=\"lazy\" decoding=\"async\" class=\"alignnone size-medium wp-image-18060\" src=\"https:\/\/grapplingbloggen.se\/wp-content\/uploads\/2016\/10\/14642000_645452938955755_1203118832686901006_n-300x200.jpg\" alt=\"\" width=\"300\" height=\"200\" srcset=\"https:\/\/grapplingbloggen.se\/wp-content\/uploads\/2016\/10\/14642000_645452938955755_1203118832686901006_n-300x200.jpg 300w, https:\/\/grapplingbloggen.se\/wp-content\/uploads\/2016\/10\/14642000_645452938955755_1203118832686901006_n-768x511.jpg 768w, https:\/\/grapplingbloggen.se\/wp-content\/uploads\/2016\/10\/14642000_645452938955755_1203118832686901006_n-109x72.jpg 109w, https:\/\/grapplingbloggen.se\/wp-content\/uploads\/2016\/10\/14642000_645452938955755_1203118832686901006_n.jpg 960w\" sizes=\"auto, (max-width: 300px) 100vw, 300px\" \/><\/p>\n<p>Tack f\u00f6r tiden Danne och stort lycka till i PanAms! Daniel kommer representera Atos A-team vilket \u00e4r en imponerande bedrift i sig, p\u00e5 torsdag den 16:e sm\u00e4ller det och f\u00f6rhoppningsvis h\u00e5ller s\u00e5 m\u00e5nga svenskar som m\u00f6jligt tummarna f\u00f6r v\u00e5r unga stj\u00e4rna. H\u00e5ll koll p\u00e5 Grapplingbloggen f\u00f6r uppf\u00f6ljning med Daniel Eklund i helgen. \u00c5terigen, stort lycka till!<\/p>\n<p style=\"text-align: right;\"><em>Foto: Von G Photography m.fl<\/em><\/p>\n","protected":false},"excerpt":{"rendered":"<p>Ett av v\u00e5ra fr\u00e4msta svenska lilab\u00e4lten \u00e4r just nu i San Diego och f\u00f6rbereder sig med n\u00e5gra av v\u00e4rldens b\u00e4sta grapplers f\u00f6r PanAms i USA nu p\u00e5 torsdag. H\u00e4ng med n\u00e4r Daniel Eklund rapporterar fr\u00e5n inuti Atos lokaler!<\/p>\n","protected":false},"author":32,"featured_media":18370,"comment_status":"open","ping_status":"closed","sticky":false,"template":"","format":"standard","meta":{"footnotes":""},"categories":[4,175,377,18,197,174,8],"tags":[973,24,972,895,965,847,977,970,928,800,601,589,967,979,894,966,975,976,625,968,978,969,920,837,971,974,757,828,674],"class_list":{"0":"post-18369","1":"post","2":"type-post","3":"status-publish","4":"format-standard","5":"has-post-thumbnail","7":"category-bjj","8":"category-bloggar","9":"category-grappling","10":"category-intervjuer","11":"category-nyheter","12":"category-tavling","13":"category-tavlingar","14":"tag-alec-baulding","15":"tag-andre-galvao","16":"tag-andris-brunovskis","17":"tag-atos","18":"tag-atos-jiu-jitsu","19":"tag-daniel-eklund","20":"tag-dominique-bell","21":"tag-eklundsbil","22":"tag-europeans","23":"tag-goteborg","24":"tag-grapplingbloggen","25":"tag-instagram","26":"tag-jonathan-thomas","27":"tag-jonnatas-gracie","28":"tag-kaynan-duarte","29":"tag-leo-graf","30":"tag-lucas-barbosa","31":"tag-michael-liera","32":"tag-pan-ams","33":"tag-reportage","34":"tag-rolando-samson","35":"tag-san-diego","36":"tag-svensk-grappling","37":"tag-sverige","38":"tag-tanner-rice","39":"tag-tommy-langaker","40":"tag-usa","41":"tag-valhalla-jiu-jitsu","42":"tag-worlds","43":"wrapper-post entry","44":"wrapper-post-text"},"yoast_head":"<!-- This site is optimized with the Yoast SEO plugin v27.5 - https:\/\/yoast.com\/product\/yoast-seo-wordpress\/ -->\n<title>Inf\u00f6r PanAms: Inifr\u00e5n Atos Jiu Jitsu med Daniel Eklund - Grapplingbloggen<\/title>\n<meta name=\"robots\" content=\"index, follow, max-snippet:-1, max-image-preview:large, max-video-preview:-1\" \/>\n<link rel=\"canonical\" href=\"https:\/\/grapplingbloggen.se\/?p=18369\" \/>\n<meta name=\"twitter:card\" content=\"summary_large_image\" \/>\n<meta name=\"twitter:title\" content=\"Inf\u00f6r PanAms: Inifr\u00e5n Atos Jiu Jitsu med Daniel Eklund - Grapplingbloggen\" \/>\n<meta name=\"twitter:description\" content=\"Ett av v\u00e5ra fr\u00e4msta svenska lilab\u00e4lten \u00e4r just nu i San Diego och f\u00f6rbereder sig med n\u00e5gra av v\u00e4rldens b\u00e4sta grapplers f\u00f6r PanAms i USA nu p\u00e5 torsdag. H\u00e4ng med n\u00e4r Daniel Eklund rapporterar fr\u00e5n inuti Atos lokaler!\" \/>\n<meta name=\"twitter:image\" content=\"https:\/\/grapplingbloggen.se\/wp-content\/uploads\/2017\/03\/17321336_1187391478050144_824248529_n.jpg\" \/>\n<meta name=\"twitter:label1\" content=\"Skriven av\" \/>\n\t<meta name=\"twitter:data1\" content=\"Denniz L\u00f6fgren Hasyilmaz\" \/>\n\t<meta name=\"twitter:label2\" content=\"Ber\u00e4knad l\u00e4stid\" \/>\n\t<meta name=\"twitter:data2\" content=\"8 minuter\" \/>\n<script type=\"application\/ld+json\" class=\"yoast-schema-graph\">{\"@context\":\"https:\\\/\\\/schema.org\",\"@graph\":[{\"@type\":\"Article\",\"@id\":\"https:\\\/\\\/grapplingbloggen.se\\\/?p=18369#article\",\"isPartOf\":{\"@id\":\"https:\\\/\\\/grapplingbloggen.se\\\/?p=18369\"},\"author\":{\"name\":\"Denniz L\u00f6fgren Hasyilmaz\",\"@id\":\"https:\\\/\\\/grapplingbloggen.se\\\/#\\\/schema\\\/person\\\/dafbf68d390d7ed0c8982d88a5b2673b\"},\"headline\":\"Inf\u00f6r PanAms: Inifr\u00e5n Atos Jiu Jitsu med Daniel Eklund\",\"datePublished\":\"2017-03-13T18:05:07+00:00\",\"dateModified\":\"2017-04-15T12:17:14+00:00\",\"mainEntityOfPage\":{\"@id\":\"https:\\\/\\\/grapplingbloggen.se\\\/?p=18369\"},\"wordCount\":1622,\"commentCount\":0,\"publisher\":{\"@id\":\"https:\\\/\\\/grapplingbloggen.se\\\/#organization\"},\"image\":{\"@id\":\"https:\\\/\\\/grapplingbloggen.se\\\/?p=18369#primaryimage\"},\"thumbnailUrl\":\"https:\\\/\\\/grapplingbloggen.se\\\/wp-content\\\/uploads\\\/2017\\\/03\\\/17321336_1187391478050144_824248529_n.jpg\",\"keywords\":[\"Alec Baulding\",\"Andr\u00e9 Galv\u00e3o\",\"Andris Brunovskis\",\"Atos\",\"Atos Jiu Jitsu\",\"Daniel Eklund\",\"Dominique Bell\",\"Eklundsbil\",\"Europeans\",\"G\u00f6teborg\",\"Grapplingbloggen\",\"Instagram\",\"Jonathan Thomas\",\"Jonnatas \u201cGracie\u201d\",\"Kaynan Duarte\",\"Leo Graf\",\"Lucas Barbosa\",\"Michael Liera\",\"Pan Ams\",\"Reportage\",\"Rolando Samson\",\"San Diego\",\"Svensk grappling\",\"Sverige\",\"Tanner Rice\",\"Tommy Lang\u00e5ker\",\"USA\",\"Valhalla Jiu Jitsu\",\"Worlds\"],\"articleSection\":[\"BJJ\",\"Bloggar\",\"Grappling\",\"Intervjuer\",\"Nyheter\",\"T\u00e4vling\",\"T\u00e4vlingar\"],\"inLanguage\":\"sv-SE\",\"potentialAction\":[{\"@type\":\"CommentAction\",\"name\":\"Comment\",\"target\":[\"https:\\\/\\\/grapplingbloggen.se\\\/?p=18369#respond\"]}]},{\"@type\":\"WebPage\",\"@id\":\"https:\\\/\\\/grapplingbloggen.se\\\/?p=18369\",\"url\":\"https:\\\/\\\/grapplingbloggen.se\\\/?p=18369\",\"name\":\"Inf\u00f6r PanAms: Inifr\u00e5n Atos Jiu Jitsu med Daniel Eklund - Grapplingbloggen\",\"isPartOf\":{\"@id\":\"https:\\\/\\\/grapplingbloggen.se\\\/#website\"},\"primaryImageOfPage\":{\"@id\":\"https:\\\/\\\/grapplingbloggen.se\\\/?p=18369#primaryimage\"},\"image\":{\"@id\":\"https:\\\/\\\/grapplingbloggen.se\\\/?p=18369#primaryimage\"},\"thumbnailUrl\":\"https:\\\/\\\/grapplingbloggen.se\\\/wp-content\\\/uploads\\\/2017\\\/03\\\/17321336_1187391478050144_824248529_n.jpg\",\"datePublished\":\"2017-03-13T18:05:07+00:00\",\"dateModified\":\"2017-04-15T12:17:14+00:00\",\"breadcrumb\":{\"@id\":\"https:\\\/\\\/grapplingbloggen.se\\\/?p=18369#breadcrumb\"},\"inLanguage\":\"sv-SE\",\"potentialAction\":[{\"@type\":\"ReadAction\",\"target\":[\"https:\\\/\\\/grapplingbloggen.se\\\/?p=18369\"]}]},{\"@type\":\"ImageObject\",\"inLanguage\":\"sv-SE\",\"@id\":\"https:\\\/\\\/grapplingbloggen.se\\\/?p=18369#primaryimage\",\"url\":\"https:\\\/\\\/grapplingbloggen.se\\\/wp-content\\\/uploads\\\/2017\\\/03\\\/17321336_1187391478050144_824248529_n.jpg\",\"contentUrl\":\"https:\\\/\\\/grapplingbloggen.se\\\/wp-content\\\/uploads\\\/2017\\\/03\\\/17321336_1187391478050144_824248529_n.jpg\",\"width\":960,\"height\":640},{\"@type\":\"BreadcrumbList\",\"@id\":\"https:\\\/\\\/grapplingbloggen.se\\\/?p=18369#breadcrumb\",\"itemListElement\":[{\"@type\":\"ListItem\",\"position\":1,\"name\":\"Hem\",\"item\":\"https:\\\/\\\/grapplingbloggen.se\\\/\"},{\"@type\":\"ListItem\",\"position\":2,\"name\":\"Inf\u00f6r PanAms: Inifr\u00e5n Atos Jiu Jitsu med Daniel Eklund\"}]},{\"@type\":\"WebSite\",\"@id\":\"https:\\\/\\\/grapplingbloggen.se\\\/#website\",\"url\":\"https:\\\/\\\/grapplingbloggen.se\\\/\",\"name\":\"Grapplingbloggen\",\"description\":\"\",\"publisher\":{\"@id\":\"https:\\\/\\\/grapplingbloggen.se\\\/#organization\"},\"potentialAction\":[{\"@type\":\"SearchAction\",\"target\":{\"@type\":\"EntryPoint\",\"urlTemplate\":\"https:\\\/\\\/grapplingbloggen.se\\\/?s={search_term_string}\"},\"query-input\":{\"@type\":\"PropertyValueSpecification\",\"valueRequired\":true,\"valueName\":\"search_term_string\"}}],\"inLanguage\":\"sv-SE\"},{\"@type\":\"Organization\",\"@id\":\"https:\\\/\\\/grapplingbloggen.se\\\/#organization\",\"name\":\"Grapplingbloggen\",\"url\":\"https:\\\/\\\/grapplingbloggen.se\\\/\",\"logo\":{\"@type\":\"ImageObject\",\"inLanguage\":\"sv-SE\",\"@id\":\"https:\\\/\\\/grapplingbloggen.se\\\/#\\\/schema\\\/logo\\\/image\\\/\",\"url\":\"https:\\\/\\\/grapplingbloggen.se\\\/wp-content\\\/uploads\\\/2017\\\/04\\\/cropped-grapplingbloggen-logo-2017-v2.png\",\"contentUrl\":\"https:\\\/\\\/grapplingbloggen.se\\\/wp-content\\\/uploads\\\/2017\\\/04\\\/cropped-grapplingbloggen-logo-2017-v2.png\",\"width\":570,\"height\":110,\"caption\":\"Grapplingbloggen\"},\"image\":{\"@id\":\"https:\\\/\\\/grapplingbloggen.se\\\/#\\\/schema\\\/logo\\\/image\\\/\"}},{\"@type\":\"Person\",\"@id\":\"https:\\\/\\\/grapplingbloggen.se\\\/#\\\/schema\\\/person\\\/dafbf68d390d7ed0c8982d88a5b2673b\",\"name\":\"Denniz L\u00f6fgren Hasyilmaz\",\"image\":{\"@type\":\"ImageObject\",\"inLanguage\":\"sv-SE\",\"@id\":\"https:\\\/\\\/secure.gravatar.com\\\/avatar\\\/b5bfd3cd27cbb82a4b79a55ba67ccf1cc7a223a9bf2fa3f63572319657196160?s=96&d=mm&r=g\",\"url\":\"https:\\\/\\\/secure.gravatar.com\\\/avatar\\\/b5bfd3cd27cbb82a4b79a55ba67ccf1cc7a223a9bf2fa3f63572319657196160?s=96&d=mm&r=g\",\"contentUrl\":\"https:\\\/\\\/secure.gravatar.com\\\/avatar\\\/b5bfd3cd27cbb82a4b79a55ba67ccf1cc7a223a9bf2fa3f63572319657196160?s=96&d=mm&r=g\",\"caption\":\"Denniz L\u00f6fgren Hasyilmaz\"},\"url\":\"https:\\\/\\\/grapplingbloggen.se\\\/?author=32\"}]}<\/script>\n<!-- \/ Yoast SEO plugin. -->","yoast_head_json":{"title":"Inf\u00f6r PanAms: Inifr\u00e5n Atos Jiu Jitsu med Daniel Eklund - Grapplingbloggen","robots":{"index":"index","follow":"follow","max-snippet":"max-snippet:-1","max-image-preview":"max-image-preview:large","max-video-preview":"max-video-preview:-1"},"canonical":"https:\/\/grapplingbloggen.se\/?p=18369","twitter_card":"summary_large_image","twitter_title":"Inf\u00f6r PanAms: Inifr\u00e5n Atos Jiu Jitsu med Daniel Eklund - Grapplingbloggen","twitter_description":"Ett av v\u00e5ra fr\u00e4msta svenska lilab\u00e4lten \u00e4r just nu i San Diego och f\u00f6rbereder sig med n\u00e5gra av v\u00e4rldens b\u00e4sta grapplers f\u00f6r PanAms i USA nu p\u00e5 torsdag. H\u00e4ng med n\u00e4r Daniel Eklund rapporterar fr\u00e5n inuti Atos lokaler!","twitter_image":"https:\/\/grapplingbloggen.se\/wp-content\/uploads\/2017\/03\/17321336_1187391478050144_824248529_n.jpg","twitter_misc":{"Skriven av":"Denniz L\u00f6fgren Hasyilmaz","Ber\u00e4knad l\u00e4stid":"8 minuter"},"schema":{"@context":"https:\/\/schema.org","@graph":[{"@type":"Article","@id":"https:\/\/grapplingbloggen.se\/?p=18369#article","isPartOf":{"@id":"https:\/\/grapplingbloggen.se\/?p=18369"},"author":{"name":"Denniz L\u00f6fgren Hasyilmaz","@id":"https:\/\/grapplingbloggen.se\/#\/schema\/person\/dafbf68d390d7ed0c8982d88a5b2673b"},"headline":"Inf\u00f6r PanAms: Inifr\u00e5n Atos Jiu Jitsu med Daniel Eklund","datePublished":"2017-03-13T18:05:07+00:00","dateModified":"2017-04-15T12:17:14+00:00","mainEntityOfPage":{"@id":"https:\/\/grapplingbloggen.se\/?p=18369"},"wordCount":1622,"commentCount":0,"publisher":{"@id":"https:\/\/grapplingbloggen.se\/#organization"},"image":{"@id":"https:\/\/grapplingbloggen.se\/?p=18369#primaryimage"},"thumbnailUrl":"https:\/\/grapplingbloggen.se\/wp-content\/uploads\/2017\/03\/17321336_1187391478050144_824248529_n.jpg","keywords":["Alec Baulding","Andr\u00e9 Galv\u00e3o","Andris Brunovskis","Atos","Atos Jiu Jitsu","Daniel Eklund","Dominique Bell","Eklundsbil","Europeans","G\u00f6teborg","Grapplingbloggen","Instagram","Jonathan Thomas","Jonnatas \u201cGracie\u201d","Kaynan Duarte","Leo Graf","Lucas Barbosa","Michael Liera","Pan Ams","Reportage","Rolando Samson","San Diego","Svensk grappling","Sverige","Tanner Rice","Tommy Lang\u00e5ker","USA","Valhalla Jiu Jitsu","Worlds"],"articleSection":["BJJ","Bloggar","Grappling","Intervjuer","Nyheter","T\u00e4vling","T\u00e4vlingar"],"inLanguage":"sv-SE","potentialAction":[{"@type":"CommentAction","name":"Comment","target":["https:\/\/grapplingbloggen.se\/?p=18369#respond"]}]},{"@type":"WebPage","@id":"https:\/\/grapplingbloggen.se\/?p=18369","url":"https:\/\/grapplingbloggen.se\/?p=18369","name":"Inf\u00f6r PanAms: Inifr\u00e5n Atos Jiu Jitsu med Daniel Eklund - Grapplingbloggen","isPartOf":{"@id":"https:\/\/grapplingbloggen.se\/#website"},"primaryImageOfPage":{"@id":"https:\/\/grapplingbloggen.se\/?p=18369#primaryimage"},"image":{"@id":"https:\/\/grapplingbloggen.se\/?p=18369#primaryimage"},"thumbnailUrl":"https:\/\/grapplingbloggen.se\/wp-content\/uploads\/2017\/03\/17321336_1187391478050144_824248529_n.jpg","datePublished":"2017-03-13T18:05:07+00:00","dateModified":"2017-04-15T12:17:14+00:00","breadcrumb":{"@id":"https:\/\/grapplingbloggen.se\/?p=18369#breadcrumb"},"inLanguage":"sv-SE","potentialAction":[{"@type":"ReadAction","target":["https:\/\/grapplingbloggen.se\/?p=18369"]}]},{"@type":"ImageObject","inLanguage":"sv-SE","@id":"https:\/\/grapplingbloggen.se\/?p=18369#primaryimage","url":"https:\/\/grapplingbloggen.se\/wp-content\/uploads\/2017\/03\/17321336_1187391478050144_824248529_n.jpg","contentUrl":"https:\/\/grapplingbloggen.se\/wp-content\/uploads\/2017\/03\/17321336_1187391478050144_824248529_n.jpg","width":960,"height":640},{"@type":"BreadcrumbList","@id":"https:\/\/grapplingbloggen.se\/?p=18369#breadcrumb","itemListElement":[{"@type":"ListItem","position":1,"name":"Hem","item":"https:\/\/grapplingbloggen.se\/"},{"@type":"ListItem","position":2,"name":"Inf\u00f6r PanAms: Inifr\u00e5n Atos Jiu Jitsu med Daniel Eklund"}]},{"@type":"WebSite","@id":"https:\/\/grapplingbloggen.se\/#website","url":"https:\/\/grapplingbloggen.se\/","name":"Grapplingbloggen","description":"","publisher":{"@id":"https:\/\/grapplingbloggen.se\/#organization"},"potentialAction":[{"@type":"SearchAction","target":{"@type":"EntryPoint","urlTemplate":"https:\/\/grapplingbloggen.se\/?s={search_term_string}"},"query-input":{"@type":"PropertyValueSpecification","valueRequired":true,"valueName":"search_term_string"}}],"inLanguage":"sv-SE"},{"@type":"Organization","@id":"https:\/\/grapplingbloggen.se\/#organization","name":"Grapplingbloggen","url":"https:\/\/grapplingbloggen.se\/","logo":{"@type":"ImageObject","inLanguage":"sv-SE","@id":"https:\/\/grapplingbloggen.se\/#\/schema\/logo\/image\/","url":"https:\/\/grapplingbloggen.se\/wp-content\/uploads\/2017\/04\/cropped-grapplingbloggen-logo-2017-v2.png","contentUrl":"https:\/\/grapplingbloggen.se\/wp-content\/uploads\/2017\/04\/cropped-grapplingbloggen-logo-2017-v2.png","width":570,"height":110,"caption":"Grapplingbloggen"},"image":{"@id":"https:\/\/grapplingbloggen.se\/#\/schema\/logo\/image\/"}},{"@type":"Person","@id":"https:\/\/grapplingbloggen.se\/#\/schema\/person\/dafbf68d390d7ed0c8982d88a5b2673b","name":"Denniz L\u00f6fgren Hasyilmaz","image":{"@type":"ImageObject","inLanguage":"sv-SE","@id":"https:\/\/secure.gravatar.com\/avatar\/b5bfd3cd27cbb82a4b79a55ba67ccf1cc7a223a9bf2fa3f63572319657196160?s=96&d=mm&r=g","url":"https:\/\/secure.gravatar.com\/avatar\/b5bfd3cd27cbb82a4b79a55ba67ccf1cc7a223a9bf2fa3f63572319657196160?s=96&d=mm&r=g","contentUrl":"https:\/\/secure.gravatar.com\/avatar\/b5bfd3cd27cbb82a4b79a55ba67ccf1cc7a223a9bf2fa3f63572319657196160?s=96&d=mm&r=g","caption":"Denniz L\u00f6fgren Hasyilmaz"},"url":"https:\/\/grapplingbloggen.se\/?author=32"}]}},"_links":{"self":[{"href":"https:\/\/grapplingbloggen.se\/index.php?rest_route=\/wp\/v2\/posts\/18369","targetHints":{"allow":["GET"]}}],"collection":[{"href":"https:\/\/grapplingbloggen.se\/index.php?rest_route=\/wp\/v2\/posts"}],"about":[{"href":"https:\/\/grapplingbloggen.se\/index.php?rest_route=\/wp\/v2\/types\/post"}],"author":[{"embeddable":true,"href":"https:\/\/grapplingbloggen.se\/index.php?rest_route=\/wp\/v2\/users\/32"}],"replies":[{"embeddable":true,"href":"https:\/\/grapplingbloggen.se\/index.php?rest_route=%2Fwp%2Fv2%2Fcomments&post=18369"}],"version-history":[{"count":5,"href":"https:\/\/grapplingbloggen.se\/index.php?rest_route=\/wp\/v2\/posts\/18369\/revisions"}],"predecessor-version":[{"id":18564,"href":"https:\/\/grapplingbloggen.se\/index.php?rest_route=\/wp\/v2\/posts\/18369\/revisions\/18564"}],"wp:featuredmedia":[{"embeddable":true,"href":"https:\/\/grapplingbloggen.se\/index.php?rest_route=\/wp\/v2\/media\/18370"}],"wp:attachment":[{"href":"https:\/\/grapplingbloggen.se\/index.php?rest_route=%2Fwp%2Fv2%2Fmedia&parent=18369"}],"wp:term":[{"taxonomy":"category","embeddable":true,"href":"https:\/\/grapplingbloggen.se\/index.php?rest_route=%2Fwp%2Fv2%2Fcategories&post=18369"},{"taxonomy":"post_tag","embeddable":true,"href":"https:\/\/grapplingbloggen.se\/index.php?rest_route=%2Fwp%2Fv2%2Ftags&post=18369"}],"curies":[{"name":"wp","href":"https:\/\/api.w.org\/{rel}","templated":true}]}}