{"id":18385,"date":"2017-03-30T08:23:03","date_gmt":"2017-03-30T06:23:03","guid":{"rendered":"https:\/\/grapplingbloggen.se\/?p=18385"},"modified":"2017-04-12T21:16:35","modified_gmt":"2017-04-12T19:16:35","slug":"infor-submit-3-erdem-erdal-kan-inte-se-hur-jag-ska-forlora","status":"publish","type":"post","link":"https:\/\/grapplingbloggen.se\/?p=18385","title":{"rendered":"Inf\u00f6r Submit 3 &#8211; Erdem Erdal: &#8221;Kan inte se hur jag ska f\u00f6rlora&#8221;"},"content":{"rendered":"<div class=\"_5wd4 _1nc7 direction_ltr\">\n<div class=\"_h8t\">\n<div class=\"_5wd9\">\n<div class=\"_5wde _n4o\">\n<div class=\"_5w1r _3_om _5wdf\">\n<div class=\"_4gx_\">\n<div class=\"_d97\"><strong>Erdem Erdal \u00e4r en av fyra stj\u00e4rnor att t\u00e4vla i helgens Superturnering p\u00e5 Submit 3. Se vad han har att s\u00e4ga inf\u00f6r det efterl\u00e4ngtade m\u00f6tet med Cemil Karahan h\u00e4r!<\/strong><!--more--><\/div>\n<p><img loading=\"lazy\" decoding=\"async\" class=\"alignnone size-medium wp-image-18138\" src=\"https:\/\/grapplingbloggen.se\/wp-content\/uploads\/2016\/11\/14670831_656629597838089_8413607279652985944_n-1-300x200.jpg\" alt=\"\" width=\"300\" height=\"200\" srcset=\"https:\/\/grapplingbloggen.se\/wp-content\/uploads\/2016\/11\/14670831_656629597838089_8413607279652985944_n-1-300x200.jpg 300w, https:\/\/grapplingbloggen.se\/wp-content\/uploads\/2016\/11\/14670831_656629597838089_8413607279652985944_n-1-768x511.jpg 768w, https:\/\/grapplingbloggen.se\/wp-content\/uploads\/2016\/11\/14670831_656629597838089_8413607279652985944_n-1-109x72.jpg 109w, https:\/\/grapplingbloggen.se\/wp-content\/uploads\/2016\/11\/14670831_656629597838089_8413607279652985944_n-1.jpg 960w\" sizes=\"auto, (max-width: 300px) 100vw, 300px\" \/><\/p>\n<\/div>\n<\/div>\n<\/div>\n<\/div>\n<\/div>\n<\/div>\n<div class=\"_d97\"><strong>Grapplinbloggen\u00a0<\/strong>fr\u00e5gade vad\u00a0<strong><span style=\"color: #800080;\">Erdem Erdal<\/span>\u00a0<\/strong>t\u00e4nker om motst\u00e5ndarna i helgens Superturnering p\u00e5<strong> Submit 3<\/strong> i Rinkeby, hur han tror att han vinner och vad han planerar att g\u00f6ra med de 10,000 kronorna i prispengar:<\/div>\n<div class=\"_d97\"><\/div>\n<div class=\"_d97\">Vad har du att s\u00e4ga om motst\u00e5ndet; <strong><span style=\"color: #800080;\">Cemil, Tarik<\/span>\u00a0<\/strong>och\u00a0<strong>David?<\/strong><\/div>\n<blockquote>\n<div class=\"_d97\">\u00a0<em>Cemil: F\u00f6rvirrad ung man som beh\u00f6ver tas ner p\u00e5 jorden igen, Tarik: Inte h\u00f6rt s\u00e5 mycket om tidigare, David: Fin kille som gjort enormt mycket f\u00f6r Jiu Jitsu och MMA i Sverige, kul att han vill vara med.<\/em><\/div>\n<\/blockquote>\n<div class=\"_d97\"><\/div>\n<div class=\"_d97\">Hur ser du dig sj\u00e4lv vinna?<\/div>\n<div class=\"_5wd4 _1nc7 direction_ltr\">\n<div class=\"_h8t\">\n<div class=\"_5wd9\">\n<div class=\"_5wde _n4o\">\n<div class=\"_5w1r _3_om _5wdf\">\n<div class=\"_4gx_\">\n<blockquote>\n<div class=\"_d97\">\u00a0<em>F\u00f6rsta matchen tror jag att jag vinner ganska snabbt och enkelt, andra matchen blir nog sv\u00e5rare, men kan inte se hur jag ska f\u00f6rlora den heller.<\/em><\/div>\n<\/blockquote>\n<\/div>\n<\/div>\n<\/div>\n<\/div>\n<\/div>\n<\/div>\n<div class=\"_d97\"><\/div>\n<div class=\"_d97\">Vad kommer du g\u00f6ra f\u00f6r prispengarna?<\/div>\n<blockquote>\n<div class=\"_d97\"><em>Vinner jag prispotten p\u00e5 10 000kr s\u00e5 kommer jag donera varenda krona till organisationen Min stora dag, en organisation som ger en ov\u00e4rderlig paus i ett sjukt barns tillvaro. Jag utmanar \u00e4ven mina motst\u00e5ndare att g\u00f6ra likadant.<\/em><\/div>\n<\/blockquote>\n<div class=\"_d97\">H\u00e5ll koll p\u00e5 <strong>Grapplingbloggen<\/strong> imorgon f\u00f6r n\u00e4sta del i &#8221;Inf\u00f6r Submit&#8221;-serien, d\u00e4r vi intervjuar\u00a0<strong><span style=\"color: #800080;\">Tarik Hopstock<\/span>.\u00a0<\/strong>F\u00f6r mer info om <strong>Submit 3<\/strong> kan ni l\u00e4sa <strong>&#8221;Helgens t\u00e4vling: Submit 3 i Rinkeby&#8221;<\/strong>\u00a0som publicerades i m\u00e5ndags.<\/div>\n<p><img loading=\"lazy\" decoding=\"async\" class=\"alignnone size-medium wp-image-18383\" src=\"https:\/\/grapplingbloggen.se\/wp-content\/uploads\/2017\/03\/17321434_1189023231220302_644126141_n-273x300.jpg\" alt=\"\" width=\"273\" height=\"300\" srcset=\"https:\/\/grapplingbloggen.se\/wp-content\/uploads\/2017\/03\/17321434_1189023231220302_644126141_n-273x300.jpg 273w, https:\/\/grapplingbloggen.se\/wp-content\/uploads\/2017\/03\/17321434_1189023231220302_644126141_n.jpg 438w\" sizes=\"auto, (max-width: 273px) 100vw, 273px\" \/><\/p>\n<p style=\"text-align: right;\"><em>Foto: Von G Photography<\/em><\/p>\n","protected":false},"excerpt":{"rendered":"<p>Erdem Erdal \u00e4r en av fyra stj\u00e4rnor att t\u00e4vla i helgens Superturnering p\u00e5 Submit 3. Se vad han har att s\u00e4ga inf\u00f6r det efterl\u00e4ngtade m\u00f6tet med Cemil Karahan h\u00e4r!<\/p>\n","protected":false},"author":32,"featured_media":18382,"comment_status":"open","ping_status":"closed","sticky":false,"template":"","format":"standard","meta":{"footnotes":""},"categories":[4,377,18,197,3,174,8],"tags":[825,944,841,161,46,35,141,709,924,980,925,854,710],"class_list":{"0":"post-18385","1":"post","2":"type-post","3":"status-publish","4":"format-standard","5":"has-post-thumbnail","7":"category-bjj","8":"category-grappling","9":"category-intervjuer","10":"category-nyheter","11":"category-submission-wrestling","12":"category-tavling","13":"category-tavlingar","14":"tag-cemil-karahan","15":"tag-david-bielkheden","16":"tag-erdem-erdal","17":"tag-frontline","18":"tag-hilti-bjj","19":"tag-intervju","20":"tag-prana-jiu-jitsu","21":"tag-rinkeby","22":"tag-submit-3","23":"tag-supermatch","24":"tag-superturnering","25":"tag-tarik-hopstock","26":"tag-ungdomens-hus","27":"wrapper-post entry","28":"wrapper-post-text"},"yoast_head":"<!-- This site is optimized with the Yoast SEO plugin v27.5 - https:\/\/yoast.com\/product\/yoast-seo-wordpress\/ -->\n<title>Inf\u00f6r Submit 3 - Erdem Erdal: &quot;Kan inte se hur jag ska f\u00f6rlora&quot; - Grapplingbloggen<\/title>\n<meta name=\"robots\" content=\"index, follow, max-snippet:-1, max-image-preview:large, max-video-preview:-1\" \/>\n<link rel=\"canonical\" href=\"https:\/\/grapplingbloggen.se\/?p=18385\" \/>\n<meta name=\"twitter:card\" content=\"summary_large_image\" \/>\n<meta name=\"twitter:title\" content=\"Inf\u00f6r Submit 3 - Erdem Erdal: &quot;Kan inte se hur jag ska f\u00f6rlora&quot; - Grapplingbloggen\" \/>\n<meta name=\"twitter:description\" content=\"Erdem Erdal \u00e4r en av fyra stj\u00e4rnor att t\u00e4vla i helgens Superturnering p\u00e5 Submit 3. Se vad han har att s\u00e4ga inf\u00f6r det efterl\u00e4ngtade m\u00f6tet med Cemil Karahan h\u00e4r!\" \/>\n<meta name=\"twitter:image\" content=\"https:\/\/grapplingbloggen.se\/wp-content\/uploads\/2017\/03\/17349512_1189023331220292_1969714612_o.jpg\" \/>\n<meta name=\"twitter:label1\" content=\"Skriven av\" \/>\n\t<meta name=\"twitter:data1\" content=\"Denniz L\u00f6fgren Hasyilmaz\" \/>\n\t<meta name=\"twitter:label2\" content=\"Ber\u00e4knad l\u00e4stid\" \/>\n\t<meta name=\"twitter:data2\" content=\"1 minut\" \/>\n<script type=\"application\/ld+json\" class=\"yoast-schema-graph\">{\"@context\":\"https:\\\/\\\/schema.org\",\"@graph\":[{\"@type\":\"Article\",\"@id\":\"https:\\\/\\\/grapplingbloggen.se\\\/?p=18385#article\",\"isPartOf\":{\"@id\":\"https:\\\/\\\/grapplingbloggen.se\\\/?p=18385\"},\"author\":{\"name\":\"Denniz L\u00f6fgren Hasyilmaz\",\"@id\":\"https:\\\/\\\/grapplingbloggen.se\\\/#\\\/schema\\\/person\\\/dafbf68d390d7ed0c8982d88a5b2673b\"},\"headline\":\"Inf\u00f6r Submit 3 &#8211; Erdem Erdal: &#8221;Kan inte se hur jag ska f\u00f6rlora&#8221;\",\"datePublished\":\"2017-03-30T06:23:03+00:00\",\"dateModified\":\"2017-04-12T19:16:35+00:00\",\"mainEntityOfPage\":{\"@id\":\"https:\\\/\\\/grapplingbloggen.se\\\/?p=18385\"},\"wordCount\":270,\"commentCount\":0,\"publisher\":{\"@id\":\"https:\\\/\\\/grapplingbloggen.se\\\/#organization\"},\"image\":{\"@id\":\"https:\\\/\\\/grapplingbloggen.se\\\/?p=18385#primaryimage\"},\"thumbnailUrl\":\"https:\\\/\\\/grapplingbloggen.se\\\/wp-content\\\/uploads\\\/2017\\\/03\\\/17349512_1189023331220292_1969714612_o.jpg\",\"keywords\":[\"Cemil Karahan\",\"David Bielkheden\",\"Erdem Erdal\",\"Frontline\",\"Hilti BJJ\",\"Intervju\",\"Prana Jiu-Jitsu\",\"Rinkeby\",\"Submit 3\",\"Supermatch\",\"superturnering\",\"Tarik Hopstock\",\"Ungdomens hus\"],\"articleSection\":[\"BJJ\",\"Grappling\",\"Intervjuer\",\"Nyheter\",\"SW\",\"T\u00e4vling\",\"T\u00e4vlingar\"],\"inLanguage\":\"sv-SE\",\"potentialAction\":[{\"@type\":\"CommentAction\",\"name\":\"Comment\",\"target\":[\"https:\\\/\\\/grapplingbloggen.se\\\/?p=18385#respond\"]}]},{\"@type\":\"WebPage\",\"@id\":\"https:\\\/\\\/grapplingbloggen.se\\\/?p=18385\",\"url\":\"https:\\\/\\\/grapplingbloggen.se\\\/?p=18385\",\"name\":\"Inf\u00f6r Submit 3 - Erdem Erdal: \\\"Kan inte se hur jag ska f\u00f6rlora\\\" - Grapplingbloggen\",\"isPartOf\":{\"@id\":\"https:\\\/\\\/grapplingbloggen.se\\\/#website\"},\"primaryImageOfPage\":{\"@id\":\"https:\\\/\\\/grapplingbloggen.se\\\/?p=18385#primaryimage\"},\"image\":{\"@id\":\"https:\\\/\\\/grapplingbloggen.se\\\/?p=18385#primaryimage\"},\"thumbnailUrl\":\"https:\\\/\\\/grapplingbloggen.se\\\/wp-content\\\/uploads\\\/2017\\\/03\\\/17349512_1189023331220292_1969714612_o.jpg\",\"datePublished\":\"2017-03-30T06:23:03+00:00\",\"dateModified\":\"2017-04-12T19:16:35+00:00\",\"breadcrumb\":{\"@id\":\"https:\\\/\\\/grapplingbloggen.se\\\/?p=18385#breadcrumb\"},\"inLanguage\":\"sv-SE\",\"potentialAction\":[{\"@type\":\"ReadAction\",\"target\":[\"https:\\\/\\\/grapplingbloggen.se\\\/?p=18385\"]}]},{\"@type\":\"ImageObject\",\"inLanguage\":\"sv-SE\",\"@id\":\"https:\\\/\\\/grapplingbloggen.se\\\/?p=18385#primaryimage\",\"url\":\"https:\\\/\\\/grapplingbloggen.se\\\/wp-content\\\/uploads\\\/2017\\\/03\\\/17349512_1189023331220292_1969714612_o.jpg\",\"contentUrl\":\"https:\\\/\\\/grapplingbloggen.se\\\/wp-content\\\/uploads\\\/2017\\\/03\\\/17349512_1189023331220292_1969714612_o.jpg\",\"width\":1165,\"height\":571},{\"@type\":\"BreadcrumbList\",\"@id\":\"https:\\\/\\\/grapplingbloggen.se\\\/?p=18385#breadcrumb\",\"itemListElement\":[{\"@type\":\"ListItem\",\"position\":1,\"name\":\"Hem\",\"item\":\"https:\\\/\\\/grapplingbloggen.se\\\/\"},{\"@type\":\"ListItem\",\"position\":2,\"name\":\"Inf\u00f6r Submit 3 &#8211; Erdem Erdal: &#8221;Kan inte se hur jag ska f\u00f6rlora&#8221;\"}]},{\"@type\":\"WebSite\",\"@id\":\"https:\\\/\\\/grapplingbloggen.se\\\/#website\",\"url\":\"https:\\\/\\\/grapplingbloggen.se\\\/\",\"name\":\"Grapplingbloggen\",\"description\":\"\",\"publisher\":{\"@id\":\"https:\\\/\\\/grapplingbloggen.se\\\/#organization\"},\"potentialAction\":[{\"@type\":\"SearchAction\",\"target\":{\"@type\":\"EntryPoint\",\"urlTemplate\":\"https:\\\/\\\/grapplingbloggen.se\\\/?s={search_term_string}\"},\"query-input\":{\"@type\":\"PropertyValueSpecification\",\"valueRequired\":true,\"valueName\":\"search_term_string\"}}],\"inLanguage\":\"sv-SE\"},{\"@type\":\"Organization\",\"@id\":\"https:\\\/\\\/grapplingbloggen.se\\\/#organization\",\"name\":\"Grapplingbloggen\",\"url\":\"https:\\\/\\\/grapplingbloggen.se\\\/\",\"logo\":{\"@type\":\"ImageObject\",\"inLanguage\":\"sv-SE\",\"@id\":\"https:\\\/\\\/grapplingbloggen.se\\\/#\\\/schema\\\/logo\\\/image\\\/\",\"url\":\"https:\\\/\\\/grapplingbloggen.se\\\/wp-content\\\/uploads\\\/2017\\\/04\\\/cropped-grapplingbloggen-logo-2017-v2.png\",\"contentUrl\":\"https:\\\/\\\/grapplingbloggen.se\\\/wp-content\\\/uploads\\\/2017\\\/04\\\/cropped-grapplingbloggen-logo-2017-v2.png\",\"width\":570,\"height\":110,\"caption\":\"Grapplingbloggen\"},\"image\":{\"@id\":\"https:\\\/\\\/grapplingbloggen.se\\\/#\\\/schema\\\/logo\\\/image\\\/\"}},{\"@type\":\"Person\",\"@id\":\"https:\\\/\\\/grapplingbloggen.se\\\/#\\\/schema\\\/person\\\/dafbf68d390d7ed0c8982d88a5b2673b\",\"name\":\"Denniz L\u00f6fgren Hasyilmaz\",\"image\":{\"@type\":\"ImageObject\",\"inLanguage\":\"sv-SE\",\"@id\":\"https:\\\/\\\/secure.gravatar.com\\\/avatar\\\/b5bfd3cd27cbb82a4b79a55ba67ccf1cc7a223a9bf2fa3f63572319657196160?s=96&d=mm&r=g\",\"url\":\"https:\\\/\\\/secure.gravatar.com\\\/avatar\\\/b5bfd3cd27cbb82a4b79a55ba67ccf1cc7a223a9bf2fa3f63572319657196160?s=96&d=mm&r=g\",\"contentUrl\":\"https:\\\/\\\/secure.gravatar.com\\\/avatar\\\/b5bfd3cd27cbb82a4b79a55ba67ccf1cc7a223a9bf2fa3f63572319657196160?s=96&d=mm&r=g\",\"caption\":\"Denniz L\u00f6fgren Hasyilmaz\"},\"url\":\"https:\\\/\\\/grapplingbloggen.se\\\/?author=32\"}]}<\/script>\n<!-- \/ Yoast SEO plugin. -->","yoast_head_json":{"title":"Inf\u00f6r Submit 3 - Erdem Erdal: \"Kan inte se hur jag ska f\u00f6rlora\" - Grapplingbloggen","robots":{"index":"index","follow":"follow","max-snippet":"max-snippet:-1","max-image-preview":"max-image-preview:large","max-video-preview":"max-video-preview:-1"},"canonical":"https:\/\/grapplingbloggen.se\/?p=18385","twitter_card":"summary_large_image","twitter_title":"Inf\u00f6r Submit 3 - Erdem Erdal: \"Kan inte se hur jag ska f\u00f6rlora\" - Grapplingbloggen","twitter_description":"Erdem Erdal \u00e4r en av fyra stj\u00e4rnor att t\u00e4vla i helgens Superturnering p\u00e5 Submit 3. Se vad han har att s\u00e4ga inf\u00f6r det efterl\u00e4ngtade m\u00f6tet med Cemil Karahan h\u00e4r!","twitter_image":"https:\/\/grapplingbloggen.se\/wp-content\/uploads\/2017\/03\/17349512_1189023331220292_1969714612_o.jpg","twitter_misc":{"Skriven av":"Denniz L\u00f6fgren Hasyilmaz","Ber\u00e4knad l\u00e4stid":"1 minut"},"schema":{"@context":"https:\/\/schema.org","@graph":[{"@type":"Article","@id":"https:\/\/grapplingbloggen.se\/?p=18385#article","isPartOf":{"@id":"https:\/\/grapplingbloggen.se\/?p=18385"},"author":{"name":"Denniz L\u00f6fgren Hasyilmaz","@id":"https:\/\/grapplingbloggen.se\/#\/schema\/person\/dafbf68d390d7ed0c8982d88a5b2673b"},"headline":"Inf\u00f6r Submit 3 &#8211; Erdem Erdal: &#8221;Kan inte se hur jag ska f\u00f6rlora&#8221;","datePublished":"2017-03-30T06:23:03+00:00","dateModified":"2017-04-12T19:16:35+00:00","mainEntityOfPage":{"@id":"https:\/\/grapplingbloggen.se\/?p=18385"},"wordCount":270,"commentCount":0,"publisher":{"@id":"https:\/\/grapplingbloggen.se\/#organization"},"image":{"@id":"https:\/\/grapplingbloggen.se\/?p=18385#primaryimage"},"thumbnailUrl":"https:\/\/grapplingbloggen.se\/wp-content\/uploads\/2017\/03\/17349512_1189023331220292_1969714612_o.jpg","keywords":["Cemil Karahan","David Bielkheden","Erdem Erdal","Frontline","Hilti BJJ","Intervju","Prana Jiu-Jitsu","Rinkeby","Submit 3","Supermatch","superturnering","Tarik Hopstock","Ungdomens hus"],"articleSection":["BJJ","Grappling","Intervjuer","Nyheter","SW","T\u00e4vling","T\u00e4vlingar"],"inLanguage":"sv-SE","potentialAction":[{"@type":"CommentAction","name":"Comment","target":["https:\/\/grapplingbloggen.se\/?p=18385#respond"]}]},{"@type":"WebPage","@id":"https:\/\/grapplingbloggen.se\/?p=18385","url":"https:\/\/grapplingbloggen.se\/?p=18385","name":"Inf\u00f6r Submit 3 - Erdem Erdal: \"Kan inte se hur jag ska f\u00f6rlora\" - Grapplingbloggen","isPartOf":{"@id":"https:\/\/grapplingbloggen.se\/#website"},"primaryImageOfPage":{"@id":"https:\/\/grapplingbloggen.se\/?p=18385#primaryimage"},"image":{"@id":"https:\/\/grapplingbloggen.se\/?p=18385#primaryimage"},"thumbnailUrl":"https:\/\/grapplingbloggen.se\/wp-content\/uploads\/2017\/03\/17349512_1189023331220292_1969714612_o.jpg","datePublished":"2017-03-30T06:23:03+00:00","dateModified":"2017-04-12T19:16:35+00:00","breadcrumb":{"@id":"https:\/\/grapplingbloggen.se\/?p=18385#breadcrumb"},"inLanguage":"sv-SE","potentialAction":[{"@type":"ReadAction","target":["https:\/\/grapplingbloggen.se\/?p=18385"]}]},{"@type":"ImageObject","inLanguage":"sv-SE","@id":"https:\/\/grapplingbloggen.se\/?p=18385#primaryimage","url":"https:\/\/grapplingbloggen.se\/wp-content\/uploads\/2017\/03\/17349512_1189023331220292_1969714612_o.jpg","contentUrl":"https:\/\/grapplingbloggen.se\/wp-content\/uploads\/2017\/03\/17349512_1189023331220292_1969714612_o.jpg","width":1165,"height":571},{"@type":"BreadcrumbList","@id":"https:\/\/grapplingbloggen.se\/?p=18385#breadcrumb","itemListElement":[{"@type":"ListItem","position":1,"name":"Hem","item":"https:\/\/grapplingbloggen.se\/"},{"@type":"ListItem","position":2,"name":"Inf\u00f6r Submit 3 &#8211; Erdem Erdal: &#8221;Kan inte se hur jag ska f\u00f6rlora&#8221;"}]},{"@type":"WebSite","@id":"https:\/\/grapplingbloggen.se\/#website","url":"https:\/\/grapplingbloggen.se\/","name":"Grapplingbloggen","description":"","publisher":{"@id":"https:\/\/grapplingbloggen.se\/#organization"},"potentialAction":[{"@type":"SearchAction","target":{"@type":"EntryPoint","urlTemplate":"https:\/\/grapplingbloggen.se\/?s={search_term_string}"},"query-input":{"@type":"PropertyValueSpecification","valueRequired":true,"valueName":"search_term_string"}}],"inLanguage":"sv-SE"},{"@type":"Organization","@id":"https:\/\/grapplingbloggen.se\/#organization","name":"Grapplingbloggen","url":"https:\/\/grapplingbloggen.se\/","logo":{"@type":"ImageObject","inLanguage":"sv-SE","@id":"https:\/\/grapplingbloggen.se\/#\/schema\/logo\/image\/","url":"https:\/\/grapplingbloggen.se\/wp-content\/uploads\/2017\/04\/cropped-grapplingbloggen-logo-2017-v2.png","contentUrl":"https:\/\/grapplingbloggen.se\/wp-content\/uploads\/2017\/04\/cropped-grapplingbloggen-logo-2017-v2.png","width":570,"height":110,"caption":"Grapplingbloggen"},"image":{"@id":"https:\/\/grapplingbloggen.se\/#\/schema\/logo\/image\/"}},{"@type":"Person","@id":"https:\/\/grapplingbloggen.se\/#\/schema\/person\/dafbf68d390d7ed0c8982d88a5b2673b","name":"Denniz L\u00f6fgren Hasyilmaz","image":{"@type":"ImageObject","inLanguage":"sv-SE","@id":"https:\/\/secure.gravatar.com\/avatar\/b5bfd3cd27cbb82a4b79a55ba67ccf1cc7a223a9bf2fa3f63572319657196160?s=96&d=mm&r=g","url":"https:\/\/secure.gravatar.com\/avatar\/b5bfd3cd27cbb82a4b79a55ba67ccf1cc7a223a9bf2fa3f63572319657196160?s=96&d=mm&r=g","contentUrl":"https:\/\/secure.gravatar.com\/avatar\/b5bfd3cd27cbb82a4b79a55ba67ccf1cc7a223a9bf2fa3f63572319657196160?s=96&d=mm&r=g","caption":"Denniz L\u00f6fgren Hasyilmaz"},"url":"https:\/\/grapplingbloggen.se\/?author=32"}]}},"_links":{"self":[{"href":"https:\/\/grapplingbloggen.se\/index.php?rest_route=\/wp\/v2\/posts\/18385","targetHints":{"allow":["GET"]}}],"collection":[{"href":"https:\/\/grapplingbloggen.se\/index.php?rest_route=\/wp\/v2\/posts"}],"about":[{"href":"https:\/\/grapplingbloggen.se\/index.php?rest_route=\/wp\/v2\/types\/post"}],"author":[{"embeddable":true,"href":"https:\/\/grapplingbloggen.se\/index.php?rest_route=\/wp\/v2\/users\/32"}],"replies":[{"embeddable":true,"href":"https:\/\/grapplingbloggen.se\/index.php?rest_route=%2Fwp%2Fv2%2Fcomments&post=18385"}],"version-history":[{"count":10,"href":"https:\/\/grapplingbloggen.se\/index.php?rest_route=\/wp\/v2\/posts\/18385\/revisions"}],"predecessor-version":[{"id":18549,"href":"https:\/\/grapplingbloggen.se\/index.php?rest_route=\/wp\/v2\/posts\/18385\/revisions\/18549"}],"wp:featuredmedia":[{"embeddable":true,"href":"https:\/\/grapplingbloggen.se\/index.php?rest_route=\/wp\/v2\/media\/18382"}],"wp:attachment":[{"href":"https:\/\/grapplingbloggen.se\/index.php?rest_route=%2Fwp%2Fv2%2Fmedia&parent=18385"}],"wp:term":[{"taxonomy":"category","embeddable":true,"href":"https:\/\/grapplingbloggen.se\/index.php?rest_route=%2Fwp%2Fv2%2Fcategories&post=18385"},{"taxonomy":"post_tag","embeddable":true,"href":"https:\/\/grapplingbloggen.se\/index.php?rest_route=%2Fwp%2Fv2%2Ftags&post=18385"}],"curies":[{"name":"wp","href":"https:\/\/api.w.org\/{rel}","templated":true}]}}