{"id":18465,"date":"2017-03-30T08:00:43","date_gmt":"2017-03-30T06:00:43","guid":{"rendered":"https:\/\/grapplingbloggen.se\/?p=18465"},"modified":"2017-04-12T21:17:13","modified_gmt":"2017-04-12T19:17:13","slug":"veckans-profil-omid-ironfist-azad","status":"publish","type":"post","link":"https:\/\/grapplingbloggen.se\/?p=18465","title":{"rendered":"Veckans profil: Omid &#8221;Ironfist&#8221; Azad"},"content":{"rendered":"<p><strong>Omid Azad \u00e4r en av de viktigaste personerna som driver svensk BJJ fram\u00e5t och var v\u00e4nlig nog att ber\u00e4tta mer om sig sj\u00e4lv i Veckans Profil! L\u00e4r er mer om r\u00e4ttsk\u00e4mpen, grapplern, legenden, huvuddomaren, tr\u00e4naren, ledaren, pappan, v\u00e4nnen, f\u00f6rebilden och eldsj\u00e4len som \u00e4r Omid &#8221;Ironfist&#8221; Azad h\u00e4r!<\/strong><!--more--><\/p>\n<p><img loading=\"lazy\" decoding=\"async\" class=\"alignnone size-medium wp-image-18466\" src=\"https:\/\/grapplingbloggen.se\/wp-content\/uploads\/2017\/03\/10400928_1525924804377734_4890407823724589804_n-300x257.jpg\" alt=\"\" width=\"300\" height=\"257\" srcset=\"https:\/\/grapplingbloggen.se\/wp-content\/uploads\/2017\/03\/10400928_1525924804377734_4890407823724589804_n-300x257.jpg 300w, https:\/\/grapplingbloggen.se\/wp-content\/uploads\/2017\/03\/10400928_1525924804377734_4890407823724589804_n-768x658.jpg 768w, https:\/\/grapplingbloggen.se\/wp-content\/uploads\/2017\/03\/10400928_1525924804377734_4890407823724589804_n.jpg 960w\" sizes=\"auto, (max-width: 300px) 100vw, 300px\" \/><\/p>\n<p>F\u00f6r er som inte vet vem\u00a0<strong>Omid Azad\u00a0<\/strong>\u00e4r, om det nu finns n\u00e5gra s\u00e5dana, \u00e4r han den stiliga mannen med klanderl\u00f6s frisyr som alltsomoftast springer runt p\u00e5 landets st\u00f6rsta t\u00e4vlingar med en r\u00f6d &#8221;Huvuddomare&#8221;-tr\u00f6ja p\u00e5 sig.<\/p>\n<p><strong>Omid\u00a0<\/strong>\u00e4r sj\u00e4lv ett svartb\u00e4lte i BJJ och har b\u00e5de vunnit SM i SW \u00a0(och placerat ett antal g\u00e5nger) samt tagit silver\u00a0p\u00e5 SM i BJJ. Nuf\u00f6rtiden syns han alltmer s\u00e4llan p\u00e5 t\u00e4vlingsmattan i form av t\u00e4vlande men figurerar \u00e4nd\u00e5 i centrum f\u00f6r svensk BJJ, i form av domare, <strong>SBJJF<\/strong>-representant och huvuddomare.\u00a0<strong>Omid\u00a0<\/strong>ber\u00e4ttar mer om hur han b\u00f6rjade med kampsport och vad hans uppdrag inom Svenska BJJ-f\u00f6rbundet inneb\u00e4r:<\/p>\n<blockquote><p><em>Jag fastnade f\u00f6r kampsport tidigt 90-tal n\u00e4r nynazister h\u00e4rjade i stan. Vi hade precis f\u00e5tt uppeh\u00e5llstillst\u00e5nd och mamma och pappa ville v\u00e4l att jag och mina syskon skulle k\u00e4nna oss trygga p\u00e5 v\u00e4g hem. <strong>Kungfu Tao<\/strong> vart det i n\u00e5gra \u00e5r. Sedan hoppade jag runt mellan massa olika idorttsformer och kampsporter till 2003 n\u00e4r jag hittade <strong>SBJJA<\/strong>. Sedan vart det en sv\u00e4ng hos <strong>Kenta<\/strong>, <strong>Wasa<\/strong>. Har sedan -05 varit p\u00e5 <strong>Hilti \u00c5rstaberg<\/strong>. P\u00e5 <strong>Hilti<\/strong> har jag funnit mer \u00e4n en idrott, en idrott som jag \u00e4lskar, jag har hittat ett andra hem d\u00e4r jag kan ge och ta.<\/em><\/p>\n<p><em>Sedan tv\u00e5 \u00e5r sitter jag med i <strong>Svenska BJJ-F\u00f6rbundets styrelse<\/strong> (<strong>SBJJF<\/strong>). Vi jobbar mycket i det f\u00f6rdolda och m\u00e5nga ut\u00f6vare k\u00e4nner knappt till oss. Vi jobbar alla p\u00e5 id\u00e9el basis och g\u00f6r enligt mig stor skillnad f\u00f6r att ta fram en sund och h\u00e5llbar idrott d\u00e4r de som vill satsa p\u00e5 elitkarri\u00e4r f\u00e5r m\u00f6jlighet men ocks\u00e5 s\u00e5 att BJJ blir en idrott f\u00f6r alla och inte bara f\u00f6r de som satsar. Ett exempel \u00e4r att sedan ett \u00e5r tillbaka s\u00e5 har jag p\u00e5 uppdrag av <strong>SBJJF<\/strong> skapat domarkomitt\u00e9n som bemannar alla t\u00e4vlingar med en huvuddomare som \u00e4r d\u00e4r p\u00e5 uppdrag av <strong>SBJJF<\/strong>. Vi f\u00f6r en dialog med arrang\u00f6rer om vad som beh\u00f6ver f\u00f6rb\u00e4ttras och de allra flesta arrang\u00f6rer \u00e4r m\u00e5na om ett gott samarbete med huvuddomarens f\u00f6rslag p\u00e5 f\u00f6rb\u00e4ttringar och f\u00f6rbundets krav och tankar kring arrangemang av t\u00e4vling. Vi bjuder \u00e4ven in <strong>Oliver Geddes<\/strong> tv\u00e5 g\u00e5nger per \u00e5r f\u00f6r att h\u00e5lla regelseminarier i Sverige f\u00f6r att h\u00f6ja kunskapen.<\/em><\/p><\/blockquote>\n<p><img loading=\"lazy\" decoding=\"async\" class=\"alignnone size-medium wp-image-18367\" src=\"https:\/\/grapplingbloggen.se\/wp-content\/uploads\/2017\/03\/17273319_692012940978094_708527076_o-300x169.jpg\" alt=\"\" width=\"300\" height=\"169\" srcset=\"https:\/\/grapplingbloggen.se\/wp-content\/uploads\/2017\/03\/17273319_692012940978094_708527076_o-300x169.jpg 300w, https:\/\/grapplingbloggen.se\/wp-content\/uploads\/2017\/03\/17273319_692012940978094_708527076_o-768x432.jpg 768w, https:\/\/grapplingbloggen.se\/wp-content\/uploads\/2017\/03\/17273319_692012940978094_708527076_o-1024x576.jpg 1024w, https:\/\/grapplingbloggen.se\/wp-content\/uploads\/2017\/03\/17273319_692012940978094_708527076_o.jpg 2048w\" sizes=\"auto, (max-width: 300px) 100vw, 300px\" \/><\/p>\n<p>Borta \u00e4r de tider d\u00e5 domare kunde st\u00e5 och prata i telefon (!) samtidigt som de d\u00f6mde en match, numera \u00e4r vi t\u00e4vlande vana vid professionellt uppf\u00f6rande och att kompetenta domare ansvarar f\u00f6r v\u00e5ra matcher. Detta kan man tacka <strong>SBJJF\u00a0<\/strong>och organets domarkommitt\u00e9 f\u00f6r, som\u00a0best\u00e5r av\u00a0<strong>Omid\u00a0<\/strong>sj\u00e4lv samt\u00a0<strong>Ralf Carneborn\u00a0<\/strong>och\u00a0<strong>Arash Javanbakht.\u00a0<\/strong><\/p>\n<p>Intresset f\u00f6r att anv\u00e4nda sig av kommitt\u00e9n v\u00e4xer och en vacker dag hoppas\u00a0<strong>Omid\u00a0<\/strong>att samtliga svenska t\u00e4vlingar kommer ta del av <strong>SBJJF<\/strong>:s kostnadsfria tj\u00e4nster:<\/p>\n<div class=\"_h8t\">\n<div class=\"_5wd9\">\n<div class=\"_5wde _n4o\">\n<div class=\"_5w1r _3_om _5wdf\">\n<div class=\"_4gx_\">\n<blockquote>\n<div class=\"_d97\"><em><span class=\"_5yl5\">Idag v\u00e4nder sig fler arrang\u00f6rer till domarkomitt\u00e9n s\u00e5 att vi f\u00e5r tills\u00e4tta domarna f\u00f6r flera t\u00e4vlingar. En del andra arrang\u00f6rer r\u00e5dfr\u00e5gar oss n\u00e4r de v\u00e4ljer ut sina domare. Vi (domarkomitt\u00e9n) f\u00f6r \u00e4ven ett aktivt arbete f\u00f6r att ta fram nya domare s\u00e5 att det inte l\u00e4ngre ska vara en sluten herrklubb utan en stor domark\u00e5r d\u00e4r de som inte sk\u00f6ter sig trots tills\u00e4ttning och dialog med domarkomitt\u00e9n kan bytas ut mot de som vill bli b\u00e4ttre och g\u00f6ra ett gott arbete. I framtiden skulle jag vilja att alla arrang\u00f6rer v\u00e4nder sig till oss vid val av domare. F\u00f6r bara n\u00e5gra \u00e5r sedan kunde m\u00e5nga se domare som pratade i telefon eller coachade p\u00e5 annan matta samtidigt som de var domare mitt under en match. S\u00e5nt tillh\u00f6r numera historia. Detta tack vare <strong>SBJJF<\/strong> och domarkomitt\u00e9ns arbete med en extern huvuddomare som inte beh\u00f6ver h\u00e5lla sig god med arrang\u00f6rer utan \u00e4r anst\u00e4lld av f\u00f6rbundet och finns p\u00e5 varje t\u00e4vling som f\u00f6rbundets f\u00f6rl\u00e4ngda arm.<\/span><\/em><\/div>\n<\/blockquote>\n<\/div>\n<\/div>\n<\/div>\n<\/div>\n<\/div>\n<blockquote><p><em>Numera vill alla BJJ-t\u00e4vlingar ha sanktion f\u00f6r att arrangera t\u00e4vling. De f\u00e5r d\u00e4rmed l\u00e5na t\u00e4vlingsmaterial fr\u00e5n <strong>SBJJF<\/strong> helt gratis. <strong>Smootchomp<\/strong> och en huvuddomare ing\u00e5r i sanktionen helt gratis vilket h\u00f6jer t\u00e4vlingar till ny niv\u00e5. F\u00f6rbundet vill vidare jobba med att utbilda f\u00f6reningar i b\u00e5de tr\u00e4narna, HLR och f\u00f6rsta hj\u00e4lpen och hur vi skapar en god och gynnsam BJJ-kultur f\u00f6r den yngre generationen.<\/em><\/p><\/blockquote>\n<p><img loading=\"lazy\" decoding=\"async\" class=\"alignnone size-medium wp-image-18469\" src=\"https:\/\/grapplingbloggen.se\/wp-content\/uploads\/2017\/03\/16684079_10154580841178773_1232773341127946463_n-300x219.jpg\" alt=\"\" width=\"300\" height=\"219\" srcset=\"https:\/\/grapplingbloggen.se\/wp-content\/uploads\/2017\/03\/16684079_10154580841178773_1232773341127946463_n-300x219.jpg 300w, https:\/\/grapplingbloggen.se\/wp-content\/uploads\/2017\/03\/16684079_10154580841178773_1232773341127946463_n-768x560.jpg 768w, https:\/\/grapplingbloggen.se\/wp-content\/uploads\/2017\/03\/16684079_10154580841178773_1232773341127946463_n.jpg 960w\" sizes=\"auto, (max-width: 300px) 100vw, 300px\" \/><\/p>\n<p><strong>Omid\u00a0<\/strong>har sj\u00e4lv tillh\u00f6rt Sveriges b\u00e4sta p\u00e5 mattan och vet vilka sorts uppoffringar som kr\u00e4vs f\u00f6r att n\u00e5 toppen av en sport som <em>Brasiliansk Jiu Jitsu<\/em>, i synnerhet n\u00e4r den st\u00e4ndigt v\u00e4xer i snabb takt. Han vill hj\u00e4lpa\u00a0v\u00e5ra unga svenska f\u00f6rm\u00e5gor att satsa helhj\u00e4rtat p\u00e5 sporten de \u00e4lskar och g\u00f6ra det enklare f\u00f6r dem att n\u00e5 sin potential p\u00e5 mattan, utan att tvingas jobba extra vid sidan av all tr\u00e4ning och t\u00e4vling.\u00a0<strong>Omid\u00a0<\/strong>vill g\u00f6ra svensk BJJ till en professionell idrott med andra ord.<\/p>\n<p>Med BJJ-landslaget,\u00a0<strong>SBJJF\u00a0<\/strong>och domarkommitt\u00e9n \u00e4r man p\u00e5 god v\u00e4g, \u00e4ven fast man sj\u00e4lvklart fortfarande har en bit kvar att vandra p\u00e5 v\u00e4gen mot m\u00e5let. En sak \u00e4r s\u00e4ker och det \u00e4r att sporten inte skulle vara d\u00e4r den \u00e4r idag utan\u00a0<strong>Omid Azad.\u00a0<\/strong><\/p>\n<blockquote><p><em><strong>Nippon<\/strong> \u00e4r med och sponsrar landslaget. S\u00e5 numera f\u00e5r de som har en plats i landslaget flerdubbelt mer \u00e4n n\u00e4r jag var en del av landslaget. Dock \u00e4r det fortfarande f\u00f6r lite f\u00f6r att det ska g\u00e5 ihop. S\u00e5 jag skulle vilja p\u00e5 n\u00e5got s\u00e4tt att vi skapar system d\u00e4r elitsatsande unga l\u00e4ttare kan fokusera p\u00e5 sin satsning och inte oroa sig att jobba extra p\u00e5 exempelvis krogen eller p\u00e5 \u00e5lderdomshem f\u00f6r att kunna betala hyran och alla t\u00e4vlingar man beh\u00f6ver \u00e5ka till. Jag skulle \u00e4ven vilja se att m\u00e5nga av svenska BJJ-f\u00f6rbundets domare d\u00f6mde regelbundet p\u00e5 <strong>IBJJF-t\u00e4vlingar<\/strong>. Att alla f\u00f6reningar skulle ha domarrepresentanter p\u00e5 t\u00e4vlingar \u00e4r ocks\u00e5 ett viktigt m\u00e5l som jag och kommitt\u00e9n (<strong>Arash Javanbakht<\/strong> och <strong>Ralf Carneborn<\/strong>) jobbat med.<\/em><\/p>\n<p><em>Idag har <strong>SBJJF<\/strong> b\u00e5de Instagram och \u00e4r aktiva p\u00e5 Facebook, jag erk\u00e4nner dock att skulle kunna bli klart b\u00e4ttre p\u00e5 sociala medier s\u00e5 vi kan n\u00e5 de yngre och v\u00e5ra medlemmar b\u00e4ttre. Vi jobbar p\u00e5 det! Allt st\u00f6rre och b\u00e4ttre t\u00e4vlingar arrangeras i Sverige. Som b\u00e5de motion\u00e4rer och elitsatsande kan pr\u00f6va och f\u00e5 erfarenhet p\u00e5. Utan <strong>SBJJF<\/strong> skulle detta inte vara m\u00f6jligt.<\/em><\/p><\/blockquote>\n<p><img loading=\"lazy\" decoding=\"async\" class=\"alignnone size-medium wp-image-18467\" src=\"https:\/\/grapplingbloggen.se\/wp-content\/uploads\/2017\/03\/11057963_1525925331044348_4684807730513766051_o-200x300.jpg\" alt=\"\" width=\"200\" height=\"300\" srcset=\"https:\/\/grapplingbloggen.se\/wp-content\/uploads\/2017\/03\/11057963_1525925331044348_4684807730513766051_o-200x300.jpg 200w, https:\/\/grapplingbloggen.se\/wp-content\/uploads\/2017\/03\/11057963_1525925331044348_4684807730513766051_o.jpg 640w\" sizes=\"auto, (max-width: 200px) 100vw, 200px\" \/><\/p>\n<p>Tack f\u00f6r att du villa vara med Omid och tack f\u00f6r allt du g\u00f6r f\u00f6r svensk BJJ! Ut\u00f6ver det vill jag personligen tacka f\u00f6r allt du l\u00e4rt mig, vad du betytt f\u00f6r min utveckling och alla skratt du gett mig p\u00e5 mattan och utanf\u00f6r. Du \u00e4r guld v\u00e4rd min v\u00e4n, osss!<\/p>\n<p><img loading=\"lazy\" decoding=\"async\" class=\"alignnone size-medium wp-image-18468\" src=\"https:\/\/grapplingbloggen.se\/wp-content\/uploads\/2017\/03\/13631465_583956061783783_7318772689851455798_n-300x165.jpg\" alt=\"\" width=\"300\" height=\"165\" srcset=\"https:\/\/grapplingbloggen.se\/wp-content\/uploads\/2017\/03\/13631465_583956061783783_7318772689851455798_n-300x165.jpg 300w, https:\/\/grapplingbloggen.se\/wp-content\/uploads\/2017\/03\/13631465_583956061783783_7318772689851455798_n-768x422.jpg 768w, https:\/\/grapplingbloggen.se\/wp-content\/uploads\/2017\/03\/13631465_583956061783783_7318772689851455798_n-216x120.jpg 216w, https:\/\/grapplingbloggen.se\/wp-content\/uploads\/2017\/03\/13631465_583956061783783_7318772689851455798_n.jpg 960w\" sizes=\"auto, (max-width: 300px) 100vw, 300px\" \/><\/p>\n","protected":false},"excerpt":{"rendered":"<p>Omid Azad \u00e4r en av de viktigaste personerna som driver svensk BJJ fram\u00e5t och var v\u00e4nlig nog att ber\u00e4tta mer om sig sj\u00e4lv i Veckans Profil! L\u00e4r er mer om r\u00e4ttsk\u00e4mpen, grapplern, legenden, huvuddomaren, tr\u00e4naren, ledaren, pappan, v\u00e4nnen, f\u00f6rebilden och eldsj\u00e4len som \u00e4r Omid &#8221;Ironfist&#8221; Azad h\u00e4r!<\/p>\n","protected":false},"author":32,"featured_media":18466,"comment_status":"open","ping_status":"closed","sticky":false,"template":"","format":"standard","meta":{"footnotes":""},"categories":[4,377,18,197,109,174,8],"tags":[471,1003,1006,1004,601,46,624,589,35,1007,1010,1009,1005,1002,45,98,71,788,600,706,584,787,537,943,1008],"class_list":{"0":"post-18465","1":"post","2":"type-post","3":"status-publish","4":"format-standard","5":"has-post-thumbnail","7":"category-bjj","8":"category-grappling","9":"category-intervjuer","10":"category-nyheter","11":"category-sbjjf","12":"category-tavling","13":"category-tavlingar","14":"tag-arash-javanbakht","15":"tag-domare","16":"tag-domarkomitten","17":"tag-facebook","18":"tag-grapplingbloggen","19":"tag-hilti-bjj","20":"tag-ibjjf","21":"tag-instagram","22":"tag-intervju","23":"tag-kenta","24":"tag-landslaget","25":"tag-nippon","26":"tag-oliver-geddes","27":"tag-omid-ironfist-azad","28":"tag-omid-azad","29":"tag-ralf-carneborn","30":"tag-sbjja","31":"tag-sm-i-bjj","32":"tag-sm-i-sw","33":"tag-smoothcomp","34":"tag-svensk-bjj","35":"tag-svenska-bjj-forbundet","36":"tag-sbjjf","37":"tag-veckans-profil","38":"tag-wasa","39":"wrapper-post entry","40":"wrapper-post-text"},"yoast_head":"<!-- This site is optimized with the Yoast SEO plugin v27.5 - https:\/\/yoast.com\/product\/yoast-seo-wordpress\/ -->\n<title>Veckans profil: Omid &quot;Ironfist&quot; Azad - Grapplingbloggen<\/title>\n<meta name=\"robots\" content=\"index, follow, max-snippet:-1, max-image-preview:large, max-video-preview:-1\" \/>\n<link rel=\"canonical\" href=\"https:\/\/grapplingbloggen.se\/?p=18465\" \/>\n<meta name=\"twitter:card\" content=\"summary_large_image\" \/>\n<meta name=\"twitter:title\" content=\"Veckans profil: Omid &quot;Ironfist&quot; Azad - Grapplingbloggen\" \/>\n<meta name=\"twitter:description\" content=\"Omid Azad \u00e4r en av de viktigaste personerna som driver svensk BJJ fram\u00e5t och var v\u00e4nlig nog att ber\u00e4tta mer om sig sj\u00e4lv i Veckans Profil! L\u00e4r er mer om r\u00e4ttsk\u00e4mpen, grapplern, legenden, huvuddomaren, tr\u00e4naren, ledaren, pappan, v\u00e4nnen, f\u00f6rebilden och eldsj\u00e4len som \u00e4r Omid &#8221;Ironfist&#8221; Azad h\u00e4r!\" \/>\n<meta name=\"twitter:image\" content=\"https:\/\/grapplingbloggen.se\/wp-content\/uploads\/2017\/03\/10400928_1525924804377734_4890407823724589804_n.jpg\" \/>\n<meta name=\"twitter:label1\" content=\"Skriven av\" \/>\n\t<meta name=\"twitter:data1\" content=\"Denniz L\u00f6fgren Hasyilmaz\" \/>\n\t<meta name=\"twitter:label2\" content=\"Ber\u00e4knad l\u00e4stid\" \/>\n\t<meta name=\"twitter:data2\" content=\"6 minuter\" \/>\n<script type=\"application\/ld+json\" class=\"yoast-schema-graph\">{\"@context\":\"https:\\\/\\\/schema.org\",\"@graph\":[{\"@type\":\"Article\",\"@id\":\"https:\\\/\\\/grapplingbloggen.se\\\/?p=18465#article\",\"isPartOf\":{\"@id\":\"https:\\\/\\\/grapplingbloggen.se\\\/?p=18465\"},\"author\":{\"name\":\"Denniz L\u00f6fgren Hasyilmaz\",\"@id\":\"https:\\\/\\\/grapplingbloggen.se\\\/#\\\/schema\\\/person\\\/dafbf68d390d7ed0c8982d88a5b2673b\"},\"headline\":\"Veckans profil: Omid &#8221;Ironfist&#8221; Azad\",\"datePublished\":\"2017-03-30T06:00:43+00:00\",\"dateModified\":\"2017-04-12T19:17:13+00:00\",\"mainEntityOfPage\":{\"@id\":\"https:\\\/\\\/grapplingbloggen.se\\\/?p=18465\"},\"wordCount\":1301,\"commentCount\":0,\"publisher\":{\"@id\":\"https:\\\/\\\/grapplingbloggen.se\\\/#organization\"},\"image\":{\"@id\":\"https:\\\/\\\/grapplingbloggen.se\\\/?p=18465#primaryimage\"},\"thumbnailUrl\":\"https:\\\/\\\/grapplingbloggen.se\\\/wp-content\\\/uploads\\\/2017\\\/03\\\/10400928_1525924804377734_4890407823724589804_n.jpg\",\"keywords\":[\"Arash Javanbakht\",\"Domare\",\"Domarkomitt\u00e9n\",\"Facebook\",\"Grapplingbloggen\",\"Hilti BJJ\",\"IBJJF\",\"Instagram\",\"Intervju\",\"Kenta\",\"Landslaget\",\"Nippon\",\"Oliver Geddes\",\"Omid \\\"Ironfist\\\" Azad\",\"Omid Azad\",\"Ralf Carneborn\",\"SBJJA\",\"SM i BJJ\",\"SM i SW\",\"Smoothcomp\",\"Svensk BJJ\",\"Svenska BJJ-F\u00f6rbundet\",\"Svenska Brasilianska Jiu-Jitsu F\u00f6rbundet\",\"Veckans Profil\",\"Wasa\"],\"articleSection\":[\"BJJ\",\"Grappling\",\"Intervjuer\",\"Nyheter\",\"Svenska Brasilianska Jiu-Jitsu F\u00f6rbundet\",\"T\u00e4vling\",\"T\u00e4vlingar\"],\"inLanguage\":\"sv-SE\",\"potentialAction\":[{\"@type\":\"CommentAction\",\"name\":\"Comment\",\"target\":[\"https:\\\/\\\/grapplingbloggen.se\\\/?p=18465#respond\"]}]},{\"@type\":\"WebPage\",\"@id\":\"https:\\\/\\\/grapplingbloggen.se\\\/?p=18465\",\"url\":\"https:\\\/\\\/grapplingbloggen.se\\\/?p=18465\",\"name\":\"Veckans profil: Omid \\\"Ironfist\\\" Azad - Grapplingbloggen\",\"isPartOf\":{\"@id\":\"https:\\\/\\\/grapplingbloggen.se\\\/#website\"},\"primaryImageOfPage\":{\"@id\":\"https:\\\/\\\/grapplingbloggen.se\\\/?p=18465#primaryimage\"},\"image\":{\"@id\":\"https:\\\/\\\/grapplingbloggen.se\\\/?p=18465#primaryimage\"},\"thumbnailUrl\":\"https:\\\/\\\/grapplingbloggen.se\\\/wp-content\\\/uploads\\\/2017\\\/03\\\/10400928_1525924804377734_4890407823724589804_n.jpg\",\"datePublished\":\"2017-03-30T06:00:43+00:00\",\"dateModified\":\"2017-04-12T19:17:13+00:00\",\"breadcrumb\":{\"@id\":\"https:\\\/\\\/grapplingbloggen.se\\\/?p=18465#breadcrumb\"},\"inLanguage\":\"sv-SE\",\"potentialAction\":[{\"@type\":\"ReadAction\",\"target\":[\"https:\\\/\\\/grapplingbloggen.se\\\/?p=18465\"]}]},{\"@type\":\"ImageObject\",\"inLanguage\":\"sv-SE\",\"@id\":\"https:\\\/\\\/grapplingbloggen.se\\\/?p=18465#primaryimage\",\"url\":\"https:\\\/\\\/grapplingbloggen.se\\\/wp-content\\\/uploads\\\/2017\\\/03\\\/10400928_1525924804377734_4890407823724589804_n.jpg\",\"contentUrl\":\"https:\\\/\\\/grapplingbloggen.se\\\/wp-content\\\/uploads\\\/2017\\\/03\\\/10400928_1525924804377734_4890407823724589804_n.jpg\",\"width\":960,\"height\":822},{\"@type\":\"BreadcrumbList\",\"@id\":\"https:\\\/\\\/grapplingbloggen.se\\\/?p=18465#breadcrumb\",\"itemListElement\":[{\"@type\":\"ListItem\",\"position\":1,\"name\":\"Hem\",\"item\":\"https:\\\/\\\/grapplingbloggen.se\\\/\"},{\"@type\":\"ListItem\",\"position\":2,\"name\":\"Veckans profil: Omid &#8221;Ironfist&#8221; Azad\"}]},{\"@type\":\"WebSite\",\"@id\":\"https:\\\/\\\/grapplingbloggen.se\\\/#website\",\"url\":\"https:\\\/\\\/grapplingbloggen.se\\\/\",\"name\":\"Grapplingbloggen\",\"description\":\"\",\"publisher\":{\"@id\":\"https:\\\/\\\/grapplingbloggen.se\\\/#organization\"},\"potentialAction\":[{\"@type\":\"SearchAction\",\"target\":{\"@type\":\"EntryPoint\",\"urlTemplate\":\"https:\\\/\\\/grapplingbloggen.se\\\/?s={search_term_string}\"},\"query-input\":{\"@type\":\"PropertyValueSpecification\",\"valueRequired\":true,\"valueName\":\"search_term_string\"}}],\"inLanguage\":\"sv-SE\"},{\"@type\":\"Organization\",\"@id\":\"https:\\\/\\\/grapplingbloggen.se\\\/#organization\",\"name\":\"Grapplingbloggen\",\"url\":\"https:\\\/\\\/grapplingbloggen.se\\\/\",\"logo\":{\"@type\":\"ImageObject\",\"inLanguage\":\"sv-SE\",\"@id\":\"https:\\\/\\\/grapplingbloggen.se\\\/#\\\/schema\\\/logo\\\/image\\\/\",\"url\":\"https:\\\/\\\/grapplingbloggen.se\\\/wp-content\\\/uploads\\\/2017\\\/04\\\/cropped-grapplingbloggen-logo-2017-v2.png\",\"contentUrl\":\"https:\\\/\\\/grapplingbloggen.se\\\/wp-content\\\/uploads\\\/2017\\\/04\\\/cropped-grapplingbloggen-logo-2017-v2.png\",\"width\":570,\"height\":110,\"caption\":\"Grapplingbloggen\"},\"image\":{\"@id\":\"https:\\\/\\\/grapplingbloggen.se\\\/#\\\/schema\\\/logo\\\/image\\\/\"}},{\"@type\":\"Person\",\"@id\":\"https:\\\/\\\/grapplingbloggen.se\\\/#\\\/schema\\\/person\\\/dafbf68d390d7ed0c8982d88a5b2673b\",\"name\":\"Denniz L\u00f6fgren Hasyilmaz\",\"image\":{\"@type\":\"ImageObject\",\"inLanguage\":\"sv-SE\",\"@id\":\"https:\\\/\\\/secure.gravatar.com\\\/avatar\\\/b5bfd3cd27cbb82a4b79a55ba67ccf1cc7a223a9bf2fa3f63572319657196160?s=96&d=mm&r=g\",\"url\":\"https:\\\/\\\/secure.gravatar.com\\\/avatar\\\/b5bfd3cd27cbb82a4b79a55ba67ccf1cc7a223a9bf2fa3f63572319657196160?s=96&d=mm&r=g\",\"contentUrl\":\"https:\\\/\\\/secure.gravatar.com\\\/avatar\\\/b5bfd3cd27cbb82a4b79a55ba67ccf1cc7a223a9bf2fa3f63572319657196160?s=96&d=mm&r=g\",\"caption\":\"Denniz L\u00f6fgren Hasyilmaz\"},\"url\":\"https:\\\/\\\/grapplingbloggen.se\\\/?author=32\"}]}<\/script>\n<!-- \/ Yoast SEO plugin. -->","yoast_head_json":{"title":"Veckans profil: Omid \"Ironfist\" Azad - Grapplingbloggen","robots":{"index":"index","follow":"follow","max-snippet":"max-snippet:-1","max-image-preview":"max-image-preview:large","max-video-preview":"max-video-preview:-1"},"canonical":"https:\/\/grapplingbloggen.se\/?p=18465","twitter_card":"summary_large_image","twitter_title":"Veckans profil: Omid \"Ironfist\" Azad - Grapplingbloggen","twitter_description":"Omid Azad \u00e4r en av de viktigaste personerna som driver svensk BJJ fram\u00e5t och var v\u00e4nlig nog att ber\u00e4tta mer om sig sj\u00e4lv i Veckans Profil! L\u00e4r er mer om r\u00e4ttsk\u00e4mpen, grapplern, legenden, huvuddomaren, tr\u00e4naren, ledaren, pappan, v\u00e4nnen, f\u00f6rebilden och eldsj\u00e4len som \u00e4r Omid &#8221;Ironfist&#8221; Azad h\u00e4r!","twitter_image":"https:\/\/grapplingbloggen.se\/wp-content\/uploads\/2017\/03\/10400928_1525924804377734_4890407823724589804_n.jpg","twitter_misc":{"Skriven av":"Denniz L\u00f6fgren Hasyilmaz","Ber\u00e4knad l\u00e4stid":"6 minuter"},"schema":{"@context":"https:\/\/schema.org","@graph":[{"@type":"Article","@id":"https:\/\/grapplingbloggen.se\/?p=18465#article","isPartOf":{"@id":"https:\/\/grapplingbloggen.se\/?p=18465"},"author":{"name":"Denniz L\u00f6fgren Hasyilmaz","@id":"https:\/\/grapplingbloggen.se\/#\/schema\/person\/dafbf68d390d7ed0c8982d88a5b2673b"},"headline":"Veckans profil: Omid &#8221;Ironfist&#8221; Azad","datePublished":"2017-03-30T06:00:43+00:00","dateModified":"2017-04-12T19:17:13+00:00","mainEntityOfPage":{"@id":"https:\/\/grapplingbloggen.se\/?p=18465"},"wordCount":1301,"commentCount":0,"publisher":{"@id":"https:\/\/grapplingbloggen.se\/#organization"},"image":{"@id":"https:\/\/grapplingbloggen.se\/?p=18465#primaryimage"},"thumbnailUrl":"https:\/\/grapplingbloggen.se\/wp-content\/uploads\/2017\/03\/10400928_1525924804377734_4890407823724589804_n.jpg","keywords":["Arash Javanbakht","Domare","Domarkomitt\u00e9n","Facebook","Grapplingbloggen","Hilti BJJ","IBJJF","Instagram","Intervju","Kenta","Landslaget","Nippon","Oliver Geddes","Omid \"Ironfist\" Azad","Omid Azad","Ralf Carneborn","SBJJA","SM i BJJ","SM i SW","Smoothcomp","Svensk BJJ","Svenska BJJ-F\u00f6rbundet","Svenska Brasilianska Jiu-Jitsu F\u00f6rbundet","Veckans Profil","Wasa"],"articleSection":["BJJ","Grappling","Intervjuer","Nyheter","Svenska Brasilianska Jiu-Jitsu F\u00f6rbundet","T\u00e4vling","T\u00e4vlingar"],"inLanguage":"sv-SE","potentialAction":[{"@type":"CommentAction","name":"Comment","target":["https:\/\/grapplingbloggen.se\/?p=18465#respond"]}]},{"@type":"WebPage","@id":"https:\/\/grapplingbloggen.se\/?p=18465","url":"https:\/\/grapplingbloggen.se\/?p=18465","name":"Veckans profil: Omid \"Ironfist\" Azad - Grapplingbloggen","isPartOf":{"@id":"https:\/\/grapplingbloggen.se\/#website"},"primaryImageOfPage":{"@id":"https:\/\/grapplingbloggen.se\/?p=18465#primaryimage"},"image":{"@id":"https:\/\/grapplingbloggen.se\/?p=18465#primaryimage"},"thumbnailUrl":"https:\/\/grapplingbloggen.se\/wp-content\/uploads\/2017\/03\/10400928_1525924804377734_4890407823724589804_n.jpg","datePublished":"2017-03-30T06:00:43+00:00","dateModified":"2017-04-12T19:17:13+00:00","breadcrumb":{"@id":"https:\/\/grapplingbloggen.se\/?p=18465#breadcrumb"},"inLanguage":"sv-SE","potentialAction":[{"@type":"ReadAction","target":["https:\/\/grapplingbloggen.se\/?p=18465"]}]},{"@type":"ImageObject","inLanguage":"sv-SE","@id":"https:\/\/grapplingbloggen.se\/?p=18465#primaryimage","url":"https:\/\/grapplingbloggen.se\/wp-content\/uploads\/2017\/03\/10400928_1525924804377734_4890407823724589804_n.jpg","contentUrl":"https:\/\/grapplingbloggen.se\/wp-content\/uploads\/2017\/03\/10400928_1525924804377734_4890407823724589804_n.jpg","width":960,"height":822},{"@type":"BreadcrumbList","@id":"https:\/\/grapplingbloggen.se\/?p=18465#breadcrumb","itemListElement":[{"@type":"ListItem","position":1,"name":"Hem","item":"https:\/\/grapplingbloggen.se\/"},{"@type":"ListItem","position":2,"name":"Veckans profil: Omid &#8221;Ironfist&#8221; Azad"}]},{"@type":"WebSite","@id":"https:\/\/grapplingbloggen.se\/#website","url":"https:\/\/grapplingbloggen.se\/","name":"Grapplingbloggen","description":"","publisher":{"@id":"https:\/\/grapplingbloggen.se\/#organization"},"potentialAction":[{"@type":"SearchAction","target":{"@type":"EntryPoint","urlTemplate":"https:\/\/grapplingbloggen.se\/?s={search_term_string}"},"query-input":{"@type":"PropertyValueSpecification","valueRequired":true,"valueName":"search_term_string"}}],"inLanguage":"sv-SE"},{"@type":"Organization","@id":"https:\/\/grapplingbloggen.se\/#organization","name":"Grapplingbloggen","url":"https:\/\/grapplingbloggen.se\/","logo":{"@type":"ImageObject","inLanguage":"sv-SE","@id":"https:\/\/grapplingbloggen.se\/#\/schema\/logo\/image\/","url":"https:\/\/grapplingbloggen.se\/wp-content\/uploads\/2017\/04\/cropped-grapplingbloggen-logo-2017-v2.png","contentUrl":"https:\/\/grapplingbloggen.se\/wp-content\/uploads\/2017\/04\/cropped-grapplingbloggen-logo-2017-v2.png","width":570,"height":110,"caption":"Grapplingbloggen"},"image":{"@id":"https:\/\/grapplingbloggen.se\/#\/schema\/logo\/image\/"}},{"@type":"Person","@id":"https:\/\/grapplingbloggen.se\/#\/schema\/person\/dafbf68d390d7ed0c8982d88a5b2673b","name":"Denniz L\u00f6fgren Hasyilmaz","image":{"@type":"ImageObject","inLanguage":"sv-SE","@id":"https:\/\/secure.gravatar.com\/avatar\/b5bfd3cd27cbb82a4b79a55ba67ccf1cc7a223a9bf2fa3f63572319657196160?s=96&d=mm&r=g","url":"https:\/\/secure.gravatar.com\/avatar\/b5bfd3cd27cbb82a4b79a55ba67ccf1cc7a223a9bf2fa3f63572319657196160?s=96&d=mm&r=g","contentUrl":"https:\/\/secure.gravatar.com\/avatar\/b5bfd3cd27cbb82a4b79a55ba67ccf1cc7a223a9bf2fa3f63572319657196160?s=96&d=mm&r=g","caption":"Denniz L\u00f6fgren Hasyilmaz"},"url":"https:\/\/grapplingbloggen.se\/?author=32"}]}},"_links":{"self":[{"href":"https:\/\/grapplingbloggen.se\/index.php?rest_route=\/wp\/v2\/posts\/18465","targetHints":{"allow":["GET"]}}],"collection":[{"href":"https:\/\/grapplingbloggen.se\/index.php?rest_route=\/wp\/v2\/posts"}],"about":[{"href":"https:\/\/grapplingbloggen.se\/index.php?rest_route=\/wp\/v2\/types\/post"}],"author":[{"embeddable":true,"href":"https:\/\/grapplingbloggen.se\/index.php?rest_route=\/wp\/v2\/users\/32"}],"replies":[{"embeddable":true,"href":"https:\/\/grapplingbloggen.se\/index.php?rest_route=%2Fwp%2Fv2%2Fcomments&post=18465"}],"version-history":[{"count":4,"href":"https:\/\/grapplingbloggen.se\/index.php?rest_route=\/wp\/v2\/posts\/18465\/revisions"}],"predecessor-version":[{"id":18473,"href":"https:\/\/grapplingbloggen.se\/index.php?rest_route=\/wp\/v2\/posts\/18465\/revisions\/18473"}],"wp:featuredmedia":[{"embeddable":true,"href":"https:\/\/grapplingbloggen.se\/index.php?rest_route=\/wp\/v2\/media\/18466"}],"wp:attachment":[{"href":"https:\/\/grapplingbloggen.se\/index.php?rest_route=%2Fwp%2Fv2%2Fmedia&parent=18465"}],"wp:term":[{"taxonomy":"category","embeddable":true,"href":"https:\/\/grapplingbloggen.se\/index.php?rest_route=%2Fwp%2Fv2%2Fcategories&post=18465"},{"taxonomy":"post_tag","embeddable":true,"href":"https:\/\/grapplingbloggen.se\/index.php?rest_route=%2Fwp%2Fv2%2Ftags&post=18465"}],"curies":[{"name":"wp","href":"https:\/\/api.w.org\/{rel}","templated":true}]}}