{"id":18704,"date":"2017-05-18T22:12:52","date_gmt":"2017-05-18T20:12:52","guid":{"rendered":"https:\/\/grapplingbloggen.se\/?p=18704"},"modified":"2017-05-18T22:12:52","modified_gmt":"2017-05-18T20:12:52","slug":"veckans-profil-steven-antoniou","status":"publish","type":"post","link":"https:\/\/grapplingbloggen.se\/?p=18704","title":{"rendered":"Veckans Profil: Steven Antoniou"},"content":{"rendered":"<p><strong>Elit \u00e4r ett \u00e5terkommande ord i Veckans Profil &#8211; ut\u00f6ver Steven Antonious egna prestationer p\u00e5 t\u00e4vlingsmattan \u00e4r Poseidon Kampsportsakademis grundare och \u00e4gare \u00e4ven elitansvarig f\u00f6r Svenska BJJ-F\u00f6rbundet, vilket kortfattad inneb\u00e4r att Steven ansvarar f\u00f6r Sveriges och n\u00e5gra av Europas b\u00e4sta grapplers.<\/strong><!--more--><br \/>\n<img loading=\"lazy\" decoding=\"async\" class=\"alignnone wp-image-18710 size-full\" src=\"https:\/\/grapplingbloggen.se\/wp-content\/uploads\/2017\/05\/18554951_1249740521815239_21302944_n.jpg\" alt=\"\" width=\"632\" height=\"596\" srcset=\"https:\/\/grapplingbloggen.se\/wp-content\/uploads\/2017\/05\/18554951_1249740521815239_21302944_n.jpg 632w, https:\/\/grapplingbloggen.se\/wp-content\/uploads\/2017\/05\/18554951_1249740521815239_21302944_n-300x283.jpg 300w\" sizes=\"auto, (max-width: 632px) 100vw, 632px\" \/><\/p>\n<p><strong>Steven Antoniou\u00a0<\/strong>k\u00e4nns bland annat igen som anordnaren av Poseidon Open BJJ, grundaren av klubben bakom t\u00e4vlingen, ett svartb\u00e4lte att r\u00e4kna med p\u00e5 t\u00e4vlingar runtom Europa och, sist men inte minst, Svenska BJJ-F\u00f6rbundets elitansvariga.<\/p>\n<p>F\u00f6r tv\u00e5 helger sedan anordnade\u00a0<strong>Steven\u00a0<\/strong>ett tr\u00e4ningsl\u00e4ger f\u00f6r svenska BJJ-landslaget d\u00e4r man bj\u00f6d in n\u00e5gra av de fr\u00e4msta ut\u00f6varna Europa har att erbjuda f\u00f6r att sparras med v\u00e5ra svenska guldhopp, d\u00e4ribland\u00a0<strong>Tarik Hopstock, Alexander Rios Hussein Abbas-Zade\u00a0<\/strong>och\u00a0<strong>Hakim Mazari\u00a0<\/strong>fr\u00e5n\u00a0<strong>Frontline Academy\u00a0<\/strong>i Oslo. F\u00f6r att inte n\u00e4mna 17-\u00e5rige\u00a0<strong><a href=\"https:\/\/grapplingbloggen.se\/?p=18492\">Robin Bohlin<\/a>\u00a0<\/strong>som med sin relativt l\u00e5ga \u00e5lder var yngst p\u00e5 mattan i Poseidons lokaler i Jakobsberg.<\/p>\n<p>Men, mer om det senare. F\u00f6rst l\u00e4r vi oss mer om\u00a0<strong>Stevens\u00a0<\/strong>bakgrund inom kampsport och hur han fick upp \u00f6gonen f\u00f6r Jiu Jitsu:<\/p>\n<blockquote><p>Sedan jag var barn var jag fascinerad av kampsport och har s\u00e4kert sett alla Hong Kong Kung Fu filmer under 80 och 90 talet. Jag v\u00e4xte upp p\u00e5 Cypern och d\u00e4r var tillg\u00e5ng till kampsport begr\u00e4nsad s\u00e5 jag fick aldrig m\u00f6jlighet att tr\u00e4na orientalisk kampsport. N\u00e4r jag var 15 b\u00f6rjade jag tr\u00e4na boxning och senare kom jag i kontakt med Kickboxning och Wing Chun n\u00e4r jag gjorde min milit\u00e4r tj\u00e4nst. N\u00e4r jag flyttade till Sverige b\u00f6rjade jag tr\u00e4na Aikido och det var inte f\u00f6rst 1999\/2000 jag kom i kontakt med BJJ p\u00e5 Pancrase Gym men hade lite sv\u00e5rt med gi s\u00e5 jag k\u00f6rde mest Vale Tudo (tidig MMA) och t\u00e4vlade i SW. Jag b\u00f6rjade tr\u00e4na mer med gi runt 2004 med Richard Bohlenius men klubben ner efter n\u00e5got \u00e5r. Tyv\u00e4rr tappade jag suget f\u00f6r grappling strax d\u00e4refter och k\u00f6rde Thai Boxning i 2 \u00e5r p\u00e5 slagskeppet.<\/p>\n<p>\u00c5r 2007 kom jag i kontakt med vad jag kallar \u201driktig BJJ\u201d n\u00e4r jag klev in p\u00e5 Fightzone Stockholm. Niv\u00e5n var s\u00e5 h\u00f6g att jag fick en aha upplevelse n\u00e4r jag tr\u00e4nade d\u00e4r. Jag kom i kontakt med n\u00e5gra av v\u00e4rldens absolut b\u00e4sta Jiu JItsu ut\u00f6vare. N\u00e4r SW och BJJ f\u00f6rst kom till Sverige fumlade vi i m\u00f6rkret men helt pl\u00f6tsligt kunde jag l\u00e4ra mig av eliten. Med hj\u00e4lp av Maggan, Hasse och Alan startade jag min egen Poseidon Jiu Jitsu i J\u00e4rf\u00e4lla i en liten skyddslokal. Utan att vara 100% s\u00e4ker varf\u00f6r, gled jag och Check Mat is\u00e4r och jag b\u00f6rjade tr\u00e4na enbart med Waldo Zapata (som f\u00f6r \u00f6vrigt var killen jag tr\u00e4nade BJJ med f\u00f6rsta g\u00e5ngen). Efter n\u00e5gra \u00e5rs tr\u00e4ning med Waldo fick jag mitt svarta b\u00e4lte 2013.<\/p><\/blockquote>\n<p>\u00c5ter till tr\u00e4ningsl\u00e4gret &#8211; en innovativ och banbrytande id\u00e9 som gynnar alla inblandade, men hur v\u00e4xte den egentligen fram?<\/p>\n<blockquote><p>Vi hade Landslagsuttagning i slutet av mars och ut\u00f6ver fystester och sparring intervjuade jag alla. Det jag m\u00e4rkte var att det fanns ett missn\u00f6je fr\u00e5n ut\u00f6vares sida g\u00e4llande vad f\u00f6rbundet g\u00f6r och hur landslaget har sk\u00f6ts tidigare. Efter intervjuerna hade vi ett litet m\u00f6te d\u00e4r jag fr\u00e5gade hur de vill att vi ska jobba och vad \u00f6nskar de fr\u00e5n oss i f\u00f6rbundet.<\/p>\n<p>Vi hade en bra dialog och ett \u00f6nskem\u00e5l var att f\u00e5 hit folk att sparras mot, och inte vem som helst, \u00a0v\u00e5ra LLG medlemmar vill tr\u00e4na med dem b\u00e4sta Europ\u00e9er och Skandinaver i sin kategori. Vi kunde ha tagit in en eller tv\u00e5 grymma Svartb\u00e4ltare som h\u00f6ll ett seminarium men de h\u00e4r fighters har redan sina favorit tekniker och ett utarbetat spel. Det de beh\u00f6ver \u00e4r m\u00f6jlighet att utveckla och finslipa mot bra sparringpartners. Syftet var helt enkelt att finslipa sitt game utan att det fanns n\u00e5got prestigefullt p\u00e5 spel.<\/p>\n<p>D\u00e5 var det bara ta fram en lista p\u00e5 grymma fighters och kontakta dem. Det blev n\u00e5gra timmar p\u00e5 FB och messenger \uf04a Responsen var super bra och alla verkade riktigt n\u00f6jda. Jag har redan f\u00e5tt fr\u00e5ga om n\u00e4r n\u00e4sta g\u00e5ng \u00e4r.<\/p>\n<p><img loading=\"lazy\" decoding=\"async\" class=\"alignnone wp-image-18708 size-full\" src=\"https:\/\/grapplingbloggen.se\/wp-content\/uploads\/2017\/05\/18341828_1240790686043556_8614976589839386950_n.jpg\" alt=\"\" width=\"526\" height=\"526\" srcset=\"https:\/\/grapplingbloggen.se\/wp-content\/uploads\/2017\/05\/18341828_1240790686043556_8614976589839386950_n.jpg 526w, https:\/\/grapplingbloggen.se\/wp-content\/uploads\/2017\/05\/18341828_1240790686043556_8614976589839386950_n-150x150.jpg 150w, https:\/\/grapplingbloggen.se\/wp-content\/uploads\/2017\/05\/18341828_1240790686043556_8614976589839386950_n-300x300.jpg 300w, https:\/\/grapplingbloggen.se\/wp-content\/uploads\/2017\/05\/18341828_1240790686043556_8614976589839386950_n-60x60.jpg 60w\" sizes=\"auto, (max-width: 526px) 100vw, 526px\" \/><\/p>\n<p>Vi \u00e4r en relativt ny sport i Sverige och vi vill mycket men vi har begr\u00e4nsade resurser och erfarenhet. Som elitansvarig vill jag involvera deltagarna och hj\u00e4lpa de lyckas. Det enda jag \u00e4r intresserad av \u00e4r att ge dessa fantastiska fighters m\u00f6jlighet att utvecklas p\u00e5 deras egna villkor. Min roll g\u00e5r inte ut p\u00e5 l\u00e4ra ut Jiu Jitsu till dem, eller tvinga p\u00e5 dem en tr\u00e4ningsmetodik. De har redan sina coacher som g\u00f6r ett grymt bra jobb. Det jag kan hj\u00e4lpa till med \u00e4r att skapa m\u00f6jligheter och eventuellt bidra med kunskap kring fystr\u00e4ning, skadef\u00f6rebyggande och rehabilitering.<\/p><\/blockquote>\n<p>Att driva egen klubb kan vara b\u00e5de utmanade och roligt, n\u00e5got som\u00a0<strong>Steven\u00a0<\/strong>kan vittna om. Slutligen ber\u00e4ttar han \u00e4ven mer om sin egen t\u00e4vlingssatsning och hur han, i egenskap av BJJ-f\u00f6rbundets elitansvariga, anser att Sverige st\u00e5r sig p\u00e5 en internationella t\u00e4vlingsscenen:<\/p>\n<blockquote><p>Det \u00e4r extremt roligt att driva en kampsportsklubb men sj\u00e4lvklart har det sina utmaningar. Nu jobbar jag heltid med tr\u00e4ning och Jiu Jitsu men ibland sv\u00e5rt att livn\u00e4ra sig p\u00e5 vad m\u00e5nga anser \u00e4r en hobby. \u00a0F\u00f6r att f\u00e5 det att snurra m\u00e5ste man var allt i allo och det blir ofta l\u00e5nga dagar. Det som g\u00f6r det v\u00e4rt det \u00e4r m\u00e4nniskorna. Vi erbjuder olika tr\u00e4ningsformer p\u00e5 v\u00e5rt tr\u00e4ningscenter och det \u00e4r v\u00e4ldigt givande att se hur folk sprider gl\u00e4dje och utvecklas som individer med hj\u00e4lp av en fysisk aktivitet.<\/p>\n<p>Jag t\u00e4vlar inte s\u00e5 galet mycket egentligen men jag tycker \u00e4nd\u00e5 att det \u00e4r viktigt att som instrukt\u00f6r t\u00e4vla 3-5 ggr per \u00e5r om man \u00e4r frisk f\u00f6r att ha en m\u00e5ls\u00e4ttning med sin tr\u00e4ning. F\u00f6r mig \u00e4r det viktigt att testa mig sj\u00e4lv med j\u00e4mna mellanrum samt vara en f\u00f6rebild f\u00f6r mina elever. Jag \u00e4lskar att resa s\u00e5 jag brukar \u201dta semester\u201d d\u00e4r jag kan t\u00e4vla eller h\u00e5lla ett seminarium. Det \u00e4r otroligt sp\u00e4nnande att tr\u00e4ffa och umg\u00e5s med folk fr\u00e5n hela v\u00e4rlden d\u00e4r gemensamma n\u00e4mnaren \u00e4r BJJ:n.<\/p>\n<p><img loading=\"lazy\" decoding=\"async\" class=\"alignnone wp-image-18711 size-full\" src=\"https:\/\/grapplingbloggen.se\/wp-content\/uploads\/2017\/05\/18578602_1249740508481907_911304719_n.jpg\" alt=\"\" width=\"960\" height=\"528\" srcset=\"https:\/\/grapplingbloggen.se\/wp-content\/uploads\/2017\/05\/18578602_1249740508481907_911304719_n.jpg 960w, https:\/\/grapplingbloggen.se\/wp-content\/uploads\/2017\/05\/18578602_1249740508481907_911304719_n-300x165.jpg 300w, https:\/\/grapplingbloggen.se\/wp-content\/uploads\/2017\/05\/18578602_1249740508481907_911304719_n-768x422.jpg 768w\" sizes=\"auto, (max-width: 960px) 100vw, 960px\" \/><\/p>\n<p>Svensk BJJ och grappling h\u00e5ller h\u00f6g niv\u00e5 och vi har ett gott rykte internationellt. Vi har m\u00e5nga duktig unga fighters nu som har dedikerat sitt liv till BJJ; SW och MMA. Tittar man p\u00e5 iden internationella greppling scenen s\u00e5 kommer J\u00e4nkarna ikapp Brassarna. Det \u00e4r en tidsfr\u00e5ga innan de g\u00e5r om Brassarna och d\u00e5 st\u00e5r Europ\u00e9er p\u00e5 tur att g\u00e5 om Brassarna. Min f\u00f6rhoppning \u00e4r att vi i Norden kan leda utvecklingen. S\u00e4ttet vi jobbar i Norden skapar f\u00f6ruts\u00e4ttningar att lyckas. Det vi beh\u00f6ver \u00e4r mer samarbete eftersom vi \u00e4r relativt sm\u00e5 l\u00e4nder med f\u00e5 ut\u00f6vare. Jag En annan sak vi beh\u00f6va g\u00f6ra \u00e4r att hitta b\u00e4ttre s\u00e4tt att st\u00f6dja klubbar med heltids instrukt\u00f6rer och elitt\u00e4vlande om vi ska lyckas. Det \u00e4r dyrt att tr\u00e4na och t\u00e4vla p\u00e5 elitniv\u00e5.<\/p>\n<p>Det jag ser med nya generationen \u00e4r att de har sl\u00e4ppt det h\u00e4r team t\u00e4nket och skiter i allt som har med politik att g\u00f6ra. De ser \u00f6ver sitt eget hus och g\u00f6r det som \u00e4r b\u00e4st f\u00f6r dem (p\u00e5 gott och ont). De vill tr\u00e4na, t\u00e4vla, vinna och de \u00e4r bereda att g\u00f6ra det som beh\u00f6vs. De tr\u00e4nar h\u00e5rt, t\u00e4vlar ofta, delar med sig av sin kunskap och g\u00f6r riktiga uppoffringar. Med lite st\u00f6d fr\u00e5n v\u00e5r \u201dBJJ Community\u201d kommer de att lyckas med sina m\u00e5l. En id\u00e9 \u00e4r att bjuda in n\u00e5gra av dessa grymma fighters att h\u00e5lla ett seminarium. Billigare \u00e4n en \u201dsuper stj\u00e4rna\u201d och oftast ger det mer.<\/p><\/blockquote>\n<p>Stort tack f\u00f6r att jag fick vara med p\u00e5 Grapplingbloggen.<\/p>\n<p>Tack sj\u00e4lv Steven! Du g\u00f6r mycket f\u00f6r svensk BJJ och det \u00e4r vi tacksamma f\u00f6r. Oss!<\/p>\n","protected":false},"excerpt":{"rendered":"<p>Elit \u00e4r ett \u00e5terkommande ord i Veckans Profil &#8211; ut\u00f6ver Steven Antonious egna prestationer p\u00e5 t\u00e4vlingsmattan \u00e4r Poseidon Kampsportsakademis grundare och \u00e4gare \u00e4ven elitansvarig f\u00f6r Svenska BJJ-F\u00f6rbundet, vilket kortfattad inneb\u00e4r att Steven ansvarar f\u00f6r Sveriges och n\u00e5gra av Europas b\u00e4sta grapplers.<\/p>\n","protected":false},"author":32,"featured_media":18709,"comment_status":"open","ping_status":"closed","sticky":false,"template":"","format":"standard","meta":{"footnotes":""},"categories":[4,377,18,197,109,174,8],"tags":[825,545,1010,936,403,584,537,854],"class_list":{"0":"post-18704","1":"post","2":"type-post","3":"status-publish","4":"format-standard","5":"has-post-thumbnail","7":"category-bjj","8":"category-grappling","9":"category-intervjuer","10":"category-nyheter","11":"category-sbjjf","12":"category-tavling","13":"category-tavlingar","14":"tag-cemil-karahan","15":"tag-emad-omran","16":"tag-landslaget","17":"tag-poseidon-kampsportsakademi","18":"tag-steven-antoniou","19":"tag-svensk-bjj","20":"tag-sbjjf","21":"tag-tarik-hopstock","22":"wrapper-post entry","23":"wrapper-post-text"},"yoast_head":"<!-- This site is optimized with the Yoast SEO plugin v27.5 - https:\/\/yoast.com\/product\/yoast-seo-wordpress\/ -->\n<title>Veckans Profil: Steven Antoniou - Grapplingbloggen<\/title>\n<meta name=\"robots\" content=\"index, follow, max-snippet:-1, max-image-preview:large, max-video-preview:-1\" \/>\n<link rel=\"canonical\" href=\"https:\/\/grapplingbloggen.se\/?p=18704\" \/>\n<meta name=\"twitter:card\" content=\"summary_large_image\" \/>\n<meta name=\"twitter:title\" content=\"Veckans Profil: Steven Antoniou - Grapplingbloggen\" \/>\n<meta name=\"twitter:description\" content=\"Elit \u00e4r ett \u00e5terkommande ord i Veckans Profil &#8211; ut\u00f6ver Steven Antonious egna prestationer p\u00e5 t\u00e4vlingsmattan \u00e4r Poseidon Kampsportsakademis grundare och \u00e4gare \u00e4ven elitansvarig f\u00f6r Svenska BJJ-F\u00f6rbundet, vilket kortfattad inneb\u00e4r att Steven ansvarar f\u00f6r Sveriges och n\u00e5gra av Europas b\u00e4sta grapplers.\" \/>\n<meta name=\"twitter:image\" content=\"https:\/\/grapplingbloggen.se\/wp-content\/uploads\/2017\/05\/16729220_10209859852826811_1454468223083522987_n.jpg\" \/>\n<meta name=\"twitter:label1\" content=\"Skriven av\" \/>\n\t<meta name=\"twitter:data1\" content=\"Denniz L\u00f6fgren Hasyilmaz\" \/>\n\t<meta name=\"twitter:label2\" content=\"Ber\u00e4knad l\u00e4stid\" \/>\n\t<meta name=\"twitter:data2\" content=\"7 minuter\" \/>\n<script type=\"application\/ld+json\" class=\"yoast-schema-graph\">{\"@context\":\"https:\\\/\\\/schema.org\",\"@graph\":[{\"@type\":\"Article\",\"@id\":\"https:\\\/\\\/grapplingbloggen.se\\\/?p=18704#article\",\"isPartOf\":{\"@id\":\"https:\\\/\\\/grapplingbloggen.se\\\/?p=18704\"},\"author\":{\"name\":\"Denniz L\u00f6fgren Hasyilmaz\",\"@id\":\"https:\\\/\\\/grapplingbloggen.se\\\/#\\\/schema\\\/person\\\/dafbf68d390d7ed0c8982d88a5b2673b\"},\"headline\":\"Veckans Profil: Steven Antoniou\",\"datePublished\":\"2017-05-18T20:12:52+00:00\",\"mainEntityOfPage\":{\"@id\":\"https:\\\/\\\/grapplingbloggen.se\\\/?p=18704\"},\"wordCount\":1469,\"commentCount\":0,\"publisher\":{\"@id\":\"https:\\\/\\\/grapplingbloggen.se\\\/#organization\"},\"image\":{\"@id\":\"https:\\\/\\\/grapplingbloggen.se\\\/?p=18704#primaryimage\"},\"thumbnailUrl\":\"https:\\\/\\\/grapplingbloggen.se\\\/wp-content\\\/uploads\\\/2017\\\/05\\\/16729220_10209859852826811_1454468223083522987_n.jpg\",\"keywords\":[\"Cemil Karahan\",\"Emad Omran\",\"Landslaget\",\"Poseidon Kampsportsakademi\",\"Steven Antoniou\",\"Svensk BJJ\",\"Svenska Brasilianska Jiu-Jitsu F\u00f6rbundet\",\"Tarik Hopstock\"],\"articleSection\":[\"BJJ\",\"Grappling\",\"Intervjuer\",\"Nyheter\",\"Svenska Brasilianska Jiu-Jitsu F\u00f6rbundet\",\"T\u00e4vling\",\"T\u00e4vlingar\"],\"inLanguage\":\"sv-SE\",\"potentialAction\":[{\"@type\":\"CommentAction\",\"name\":\"Comment\",\"target\":[\"https:\\\/\\\/grapplingbloggen.se\\\/?p=18704#respond\"]}]},{\"@type\":\"WebPage\",\"@id\":\"https:\\\/\\\/grapplingbloggen.se\\\/?p=18704\",\"url\":\"https:\\\/\\\/grapplingbloggen.se\\\/?p=18704\",\"name\":\"Veckans Profil: Steven Antoniou - Grapplingbloggen\",\"isPartOf\":{\"@id\":\"https:\\\/\\\/grapplingbloggen.se\\\/#website\"},\"primaryImageOfPage\":{\"@id\":\"https:\\\/\\\/grapplingbloggen.se\\\/?p=18704#primaryimage\"},\"image\":{\"@id\":\"https:\\\/\\\/grapplingbloggen.se\\\/?p=18704#primaryimage\"},\"thumbnailUrl\":\"https:\\\/\\\/grapplingbloggen.se\\\/wp-content\\\/uploads\\\/2017\\\/05\\\/16729220_10209859852826811_1454468223083522987_n.jpg\",\"datePublished\":\"2017-05-18T20:12:52+00:00\",\"breadcrumb\":{\"@id\":\"https:\\\/\\\/grapplingbloggen.se\\\/?p=18704#breadcrumb\"},\"inLanguage\":\"sv-SE\",\"potentialAction\":[{\"@type\":\"ReadAction\",\"target\":[\"https:\\\/\\\/grapplingbloggen.se\\\/?p=18704\"]}]},{\"@type\":\"ImageObject\",\"inLanguage\":\"sv-SE\",\"@id\":\"https:\\\/\\\/grapplingbloggen.se\\\/?p=18704#primaryimage\",\"url\":\"https:\\\/\\\/grapplingbloggen.se\\\/wp-content\\\/uploads\\\/2017\\\/05\\\/16729220_10209859852826811_1454468223083522987_n.jpg\",\"contentUrl\":\"https:\\\/\\\/grapplingbloggen.se\\\/wp-content\\\/uploads\\\/2017\\\/05\\\/16729220_10209859852826811_1454468223083522987_n.jpg\",\"width\":960,\"height\":640},{\"@type\":\"BreadcrumbList\",\"@id\":\"https:\\\/\\\/grapplingbloggen.se\\\/?p=18704#breadcrumb\",\"itemListElement\":[{\"@type\":\"ListItem\",\"position\":1,\"name\":\"Hem\",\"item\":\"https:\\\/\\\/grapplingbloggen.se\\\/\"},{\"@type\":\"ListItem\",\"position\":2,\"name\":\"Veckans Profil: Steven Antoniou\"}]},{\"@type\":\"WebSite\",\"@id\":\"https:\\\/\\\/grapplingbloggen.se\\\/#website\",\"url\":\"https:\\\/\\\/grapplingbloggen.se\\\/\",\"name\":\"Grapplingbloggen\",\"description\":\"\",\"publisher\":{\"@id\":\"https:\\\/\\\/grapplingbloggen.se\\\/#organization\"},\"potentialAction\":[{\"@type\":\"SearchAction\",\"target\":{\"@type\":\"EntryPoint\",\"urlTemplate\":\"https:\\\/\\\/grapplingbloggen.se\\\/?s={search_term_string}\"},\"query-input\":{\"@type\":\"PropertyValueSpecification\",\"valueRequired\":true,\"valueName\":\"search_term_string\"}}],\"inLanguage\":\"sv-SE\"},{\"@type\":\"Organization\",\"@id\":\"https:\\\/\\\/grapplingbloggen.se\\\/#organization\",\"name\":\"Grapplingbloggen\",\"url\":\"https:\\\/\\\/grapplingbloggen.se\\\/\",\"logo\":{\"@type\":\"ImageObject\",\"inLanguage\":\"sv-SE\",\"@id\":\"https:\\\/\\\/grapplingbloggen.se\\\/#\\\/schema\\\/logo\\\/image\\\/\",\"url\":\"https:\\\/\\\/grapplingbloggen.se\\\/wp-content\\\/uploads\\\/2017\\\/04\\\/cropped-grapplingbloggen-logo-2017-v2.png\",\"contentUrl\":\"https:\\\/\\\/grapplingbloggen.se\\\/wp-content\\\/uploads\\\/2017\\\/04\\\/cropped-grapplingbloggen-logo-2017-v2.png\",\"width\":570,\"height\":110,\"caption\":\"Grapplingbloggen\"},\"image\":{\"@id\":\"https:\\\/\\\/grapplingbloggen.se\\\/#\\\/schema\\\/logo\\\/image\\\/\"}},{\"@type\":\"Person\",\"@id\":\"https:\\\/\\\/grapplingbloggen.se\\\/#\\\/schema\\\/person\\\/dafbf68d390d7ed0c8982d88a5b2673b\",\"name\":\"Denniz L\u00f6fgren Hasyilmaz\",\"image\":{\"@type\":\"ImageObject\",\"inLanguage\":\"sv-SE\",\"@id\":\"https:\\\/\\\/secure.gravatar.com\\\/avatar\\\/b5bfd3cd27cbb82a4b79a55ba67ccf1cc7a223a9bf2fa3f63572319657196160?s=96&d=mm&r=g\",\"url\":\"https:\\\/\\\/secure.gravatar.com\\\/avatar\\\/b5bfd3cd27cbb82a4b79a55ba67ccf1cc7a223a9bf2fa3f63572319657196160?s=96&d=mm&r=g\",\"contentUrl\":\"https:\\\/\\\/secure.gravatar.com\\\/avatar\\\/b5bfd3cd27cbb82a4b79a55ba67ccf1cc7a223a9bf2fa3f63572319657196160?s=96&d=mm&r=g\",\"caption\":\"Denniz L\u00f6fgren Hasyilmaz\"},\"url\":\"https:\\\/\\\/grapplingbloggen.se\\\/?author=32\"}]}<\/script>\n<!-- \/ Yoast SEO plugin. -->","yoast_head_json":{"title":"Veckans Profil: Steven Antoniou - Grapplingbloggen","robots":{"index":"index","follow":"follow","max-snippet":"max-snippet:-1","max-image-preview":"max-image-preview:large","max-video-preview":"max-video-preview:-1"},"canonical":"https:\/\/grapplingbloggen.se\/?p=18704","twitter_card":"summary_large_image","twitter_title":"Veckans Profil: Steven Antoniou - Grapplingbloggen","twitter_description":"Elit \u00e4r ett \u00e5terkommande ord i Veckans Profil &#8211; ut\u00f6ver Steven Antonious egna prestationer p\u00e5 t\u00e4vlingsmattan \u00e4r Poseidon Kampsportsakademis grundare och \u00e4gare \u00e4ven elitansvarig f\u00f6r Svenska BJJ-F\u00f6rbundet, vilket kortfattad inneb\u00e4r att Steven ansvarar f\u00f6r Sveriges och n\u00e5gra av Europas b\u00e4sta grapplers.","twitter_image":"https:\/\/grapplingbloggen.se\/wp-content\/uploads\/2017\/05\/16729220_10209859852826811_1454468223083522987_n.jpg","twitter_misc":{"Skriven av":"Denniz L\u00f6fgren Hasyilmaz","Ber\u00e4knad l\u00e4stid":"7 minuter"},"schema":{"@context":"https:\/\/schema.org","@graph":[{"@type":"Article","@id":"https:\/\/grapplingbloggen.se\/?p=18704#article","isPartOf":{"@id":"https:\/\/grapplingbloggen.se\/?p=18704"},"author":{"name":"Denniz L\u00f6fgren Hasyilmaz","@id":"https:\/\/grapplingbloggen.se\/#\/schema\/person\/dafbf68d390d7ed0c8982d88a5b2673b"},"headline":"Veckans Profil: Steven Antoniou","datePublished":"2017-05-18T20:12:52+00:00","mainEntityOfPage":{"@id":"https:\/\/grapplingbloggen.se\/?p=18704"},"wordCount":1469,"commentCount":0,"publisher":{"@id":"https:\/\/grapplingbloggen.se\/#organization"},"image":{"@id":"https:\/\/grapplingbloggen.se\/?p=18704#primaryimage"},"thumbnailUrl":"https:\/\/grapplingbloggen.se\/wp-content\/uploads\/2017\/05\/16729220_10209859852826811_1454468223083522987_n.jpg","keywords":["Cemil Karahan","Emad Omran","Landslaget","Poseidon Kampsportsakademi","Steven Antoniou","Svensk BJJ","Svenska Brasilianska Jiu-Jitsu F\u00f6rbundet","Tarik Hopstock"],"articleSection":["BJJ","Grappling","Intervjuer","Nyheter","Svenska Brasilianska Jiu-Jitsu F\u00f6rbundet","T\u00e4vling","T\u00e4vlingar"],"inLanguage":"sv-SE","potentialAction":[{"@type":"CommentAction","name":"Comment","target":["https:\/\/grapplingbloggen.se\/?p=18704#respond"]}]},{"@type":"WebPage","@id":"https:\/\/grapplingbloggen.se\/?p=18704","url":"https:\/\/grapplingbloggen.se\/?p=18704","name":"Veckans Profil: Steven Antoniou - Grapplingbloggen","isPartOf":{"@id":"https:\/\/grapplingbloggen.se\/#website"},"primaryImageOfPage":{"@id":"https:\/\/grapplingbloggen.se\/?p=18704#primaryimage"},"image":{"@id":"https:\/\/grapplingbloggen.se\/?p=18704#primaryimage"},"thumbnailUrl":"https:\/\/grapplingbloggen.se\/wp-content\/uploads\/2017\/05\/16729220_10209859852826811_1454468223083522987_n.jpg","datePublished":"2017-05-18T20:12:52+00:00","breadcrumb":{"@id":"https:\/\/grapplingbloggen.se\/?p=18704#breadcrumb"},"inLanguage":"sv-SE","potentialAction":[{"@type":"ReadAction","target":["https:\/\/grapplingbloggen.se\/?p=18704"]}]},{"@type":"ImageObject","inLanguage":"sv-SE","@id":"https:\/\/grapplingbloggen.se\/?p=18704#primaryimage","url":"https:\/\/grapplingbloggen.se\/wp-content\/uploads\/2017\/05\/16729220_10209859852826811_1454468223083522987_n.jpg","contentUrl":"https:\/\/grapplingbloggen.se\/wp-content\/uploads\/2017\/05\/16729220_10209859852826811_1454468223083522987_n.jpg","width":960,"height":640},{"@type":"BreadcrumbList","@id":"https:\/\/grapplingbloggen.se\/?p=18704#breadcrumb","itemListElement":[{"@type":"ListItem","position":1,"name":"Hem","item":"https:\/\/grapplingbloggen.se\/"},{"@type":"ListItem","position":2,"name":"Veckans Profil: Steven Antoniou"}]},{"@type":"WebSite","@id":"https:\/\/grapplingbloggen.se\/#website","url":"https:\/\/grapplingbloggen.se\/","name":"Grapplingbloggen","description":"","publisher":{"@id":"https:\/\/grapplingbloggen.se\/#organization"},"potentialAction":[{"@type":"SearchAction","target":{"@type":"EntryPoint","urlTemplate":"https:\/\/grapplingbloggen.se\/?s={search_term_string}"},"query-input":{"@type":"PropertyValueSpecification","valueRequired":true,"valueName":"search_term_string"}}],"inLanguage":"sv-SE"},{"@type":"Organization","@id":"https:\/\/grapplingbloggen.se\/#organization","name":"Grapplingbloggen","url":"https:\/\/grapplingbloggen.se\/","logo":{"@type":"ImageObject","inLanguage":"sv-SE","@id":"https:\/\/grapplingbloggen.se\/#\/schema\/logo\/image\/","url":"https:\/\/grapplingbloggen.se\/wp-content\/uploads\/2017\/04\/cropped-grapplingbloggen-logo-2017-v2.png","contentUrl":"https:\/\/grapplingbloggen.se\/wp-content\/uploads\/2017\/04\/cropped-grapplingbloggen-logo-2017-v2.png","width":570,"height":110,"caption":"Grapplingbloggen"},"image":{"@id":"https:\/\/grapplingbloggen.se\/#\/schema\/logo\/image\/"}},{"@type":"Person","@id":"https:\/\/grapplingbloggen.se\/#\/schema\/person\/dafbf68d390d7ed0c8982d88a5b2673b","name":"Denniz L\u00f6fgren Hasyilmaz","image":{"@type":"ImageObject","inLanguage":"sv-SE","@id":"https:\/\/secure.gravatar.com\/avatar\/b5bfd3cd27cbb82a4b79a55ba67ccf1cc7a223a9bf2fa3f63572319657196160?s=96&d=mm&r=g","url":"https:\/\/secure.gravatar.com\/avatar\/b5bfd3cd27cbb82a4b79a55ba67ccf1cc7a223a9bf2fa3f63572319657196160?s=96&d=mm&r=g","contentUrl":"https:\/\/secure.gravatar.com\/avatar\/b5bfd3cd27cbb82a4b79a55ba67ccf1cc7a223a9bf2fa3f63572319657196160?s=96&d=mm&r=g","caption":"Denniz L\u00f6fgren Hasyilmaz"},"url":"https:\/\/grapplingbloggen.se\/?author=32"}]}},"_links":{"self":[{"href":"https:\/\/grapplingbloggen.se\/index.php?rest_route=\/wp\/v2\/posts\/18704","targetHints":{"allow":["GET"]}}],"collection":[{"href":"https:\/\/grapplingbloggen.se\/index.php?rest_route=\/wp\/v2\/posts"}],"about":[{"href":"https:\/\/grapplingbloggen.se\/index.php?rest_route=\/wp\/v2\/types\/post"}],"author":[{"embeddable":true,"href":"https:\/\/grapplingbloggen.se\/index.php?rest_route=\/wp\/v2\/users\/32"}],"replies":[{"embeddable":true,"href":"https:\/\/grapplingbloggen.se\/index.php?rest_route=%2Fwp%2Fv2%2Fcomments&post=18704"}],"version-history":[{"count":4,"href":"https:\/\/grapplingbloggen.se\/index.php?rest_route=\/wp\/v2\/posts\/18704\/revisions"}],"predecessor-version":[{"id":18712,"href":"https:\/\/grapplingbloggen.se\/index.php?rest_route=\/wp\/v2\/posts\/18704\/revisions\/18712"}],"wp:featuredmedia":[{"embeddable":true,"href":"https:\/\/grapplingbloggen.se\/index.php?rest_route=\/wp\/v2\/media\/18709"}],"wp:attachment":[{"href":"https:\/\/grapplingbloggen.se\/index.php?rest_route=%2Fwp%2Fv2%2Fmedia&parent=18704"}],"wp:term":[{"taxonomy":"category","embeddable":true,"href":"https:\/\/grapplingbloggen.se\/index.php?rest_route=%2Fwp%2Fv2%2Fcategories&post=18704"},{"taxonomy":"post_tag","embeddable":true,"href":"https:\/\/grapplingbloggen.se\/index.php?rest_route=%2Fwp%2Fv2%2Ftags&post=18704"}],"curies":[{"name":"wp","href":"https:\/\/api.w.org\/{rel}","templated":true}]}}