{"id":3227,"date":"2010-11-19T07:00:35","date_gmt":"2010-11-19T05:00:35","guid":{"rendered":"https:\/\/grapplingbloggen.se\/?p=3227"},"modified":"2011-06-07T11:50:05","modified_gmt":"2011-06-07T10:50:05","slug":"infor-bjj-sm-2010-ralf-carneborn","status":"publish","type":"post","link":"https:\/\/grapplingbloggen.se\/?p=3227","title":{"rendered":"Inf\u00f6r BJJ SM 2010: Ralf Carneborn"},"content":{"rendered":"<p><strong><a href=\"https:\/\/grapplingbloggen.se\/wp-content\/uploads\/2010\/11\/Ralf_Carneborn_4.jpg\"><img loading=\"lazy\" decoding=\"async\" class=\"alignnone size-full wp-image-3228\" title=\"Ralf Carneborn 4\" src=\"https:\/\/grapplingbloggen.se\/wp-content\/uploads\/2010\/11\/Ralf_Carneborn_4.jpg\" alt=\"\" width=\"240\" height=\"240\" srcset=\"https:\/\/grapplingbloggen.se\/wp-content\/uploads\/2010\/11\/Ralf_Carneborn_4.jpg 240w, https:\/\/grapplingbloggen.se\/wp-content\/uploads\/2010\/11\/Ralf_Carneborn_4-150x150.jpg 150w\" sizes=\"auto, (max-width: 240px) 100vw, 240px\" \/><\/a><br \/>\n<\/strong>Ralf Carneborn t\u00e4vlar f\u00f6r Nacka Dojo och har brunt b\u00e4lte i BJJ.<strong><\/strong><\/p>\n<p><strong>Hur skiljer sig f\u00f6rberedelserna inf\u00f6r en BJJ t\u00e4vling j\u00e4mf\u00f6rt med en SW t\u00e4vling f\u00f6r dig?<\/strong><br \/>\nIngen skillnad alls skulle jag s\u00e4ga f\u00f6rutom att jag ser till att v\u00e4lja BJJ p\u00e5 dom teknik\/sparring pass som klubben k\u00f6r. Jag ska k\u00f6ra en shootfighting match den 6:e november s\u00e5 fram till dess blir det mycket s\u00e5dant, men efter den matchen \u00e4r det 100% BJJ som g\u00e4ller.<\/p>\n<p><strong>Vad tycker du om att lila-, brun- och svartb\u00e4ltes klasserna har slagits ihop till en klass?<\/strong><br \/>\nJag tror att det kan bli intressant, \u00e4ven om t\u00e4vlingen nog kommer best\u00e5 till stor del av hungriga lilab\u00e4lten. Svartb\u00e4lten, speciellt dom som driver klubbar, kommer vi nog inte se s\u00e5 m\u00e5nga av. Jag tror dom ser lite annorlunda p\u00e5 uppl\u00e4ggen \u00e4n oss icke-svartb\u00e4lten som inte har lika mycket att f\u00f6rlora. S\u00e5 uppl\u00e4ggen \u00e4r p\u00e5 b\u00e5de gott och ont d\u00e5 det \u00e4r mest r\u00e4ttvist om alla k\u00f6r mot alla om man ska utse \u201db\u00e4st i Sverige\u201d, samtidigt som m\u00e5nga av dom b\u00e4sta inte ens kommer st\u00e4lla upp.<br \/>\n<!--more--><br \/>\n<strong>Vilka f\u00f6rv\u00e4ntningar har du p\u00e5 arrangemanget?<\/strong><br \/>\nJag har inte lagt s\u00e5 mycket tanke p\u00e5 det. Jag hoppas att det k\u00e4nns proffsigt bara och att allt flyter p\u00e5. T\u00e4vlingar i Sverige \u00e4r v\u00e4ldigt viktiga, men jag f\u00f6rv\u00e4ntar mig inte s\u00e5 mycket \u201dwow-k\u00e4nsla\u201d n\u00e4r jag t\u00e4vlar i Sverige, det f\u00f6rv\u00e4ntar man sig nog mer n\u00e4r man t\u00e4vlar utomlands.<\/p>\n<p><strong>Vad tror du om dina chanser att ta en guldmedalj?<\/strong><br \/>\nJag tror jag har en liten chans. J\u00e4ttestor \u00e4r den inte men om allt klaffar s\u00e5 kan det bli en pall plats i alla fall. Jag skulle \u00e4ven vara n\u00f6jd \u00f6ver enskilda vinster, vinner jag \u00f6ver ett bra brun\/svartb\u00e4lte i andra matchen.<\/p>\n<p><strong>N\u00e5gon s\u00e4rskild motst\u00e5ndare du skulle vilja m\u00f6ta i en eventuell final?<\/strong><br \/>\nVet inte riktigt, ett riktigt bra svartb\u00e4lte vore roligt. Har aldrig k\u00f6rt med ett svartb\u00e4lte i min egen viktklass, n\u00e4rmaste har v\u00e4l v\u00e4gt i alla fall 5-8 kg \u00f6ver mig och p\u00e5 den niv\u00e5n k\u00e4nner jag verkligen av det d\u00e5 jag kanske inte \u00e4r den starkaste grapplern sj\u00e4lv. Skulle vara kul att m\u00f6ta n\u00e5gon i samma storlek och se hur man m\u00e4ter sig.<\/p>\n","protected":false},"excerpt":{"rendered":"<p>Ralf Carneborn t\u00e4vlar f\u00f6r Nacka Dojo och har brunt b\u00e4lte i BJJ. Hur skiljer sig f\u00f6rberedelserna inf\u00f6r en BJJ t\u00e4vling j\u00e4mf\u00f6rt med en SW t\u00e4vling f\u00f6r dig? Ingen skillnad alls skulle jag s\u00e4ga f\u00f6rutom att jag ser till att v\u00e4lja BJJ p\u00e5 dom teknik\/sparring pass som klubben k\u00f6r. Jag ska k\u00f6ra en shootfighting match den&hellip;<\/p>\n","protected":false},"author":2,"featured_media":0,"comment_status":"open","ping_status":"closed","sticky":false,"template":"","format":"standard","meta":{"footnotes":""},"categories":[18,197],"tags":[173,98],"class_list":{"0":"post-3227","1":"post","2":"type-post","3":"status-publish","4":"format-standard","6":"category-intervjuer","7":"category-nyheter","8":"tag-bjj-sm-2010","9":"tag-ralf-carneborn","10":"wrapper-post entry","11":"no-post-thumbnail","12":"wrapper-post-text"},"yoast_head":"<!-- This site is optimized with the Yoast SEO plugin v27.5 - https:\/\/yoast.com\/product\/yoast-seo-wordpress\/ -->\n<title>Inf\u00f6r BJJ SM 2010: Ralf Carneborn - Grapplingbloggen<\/title>\n<meta name=\"robots\" content=\"index, follow, max-snippet:-1, max-image-preview:large, max-video-preview:-1\" \/>\n<link rel=\"canonical\" href=\"https:\/\/grapplingbloggen.se\/?p=3227\" \/>\n<meta name=\"twitter:card\" content=\"summary_large_image\" \/>\n<meta name=\"twitter:title\" content=\"Inf\u00f6r BJJ SM 2010: Ralf Carneborn - Grapplingbloggen\" \/>\n<meta name=\"twitter:description\" content=\"Ralf Carneborn t\u00e4vlar f\u00f6r Nacka Dojo och har brunt b\u00e4lte i BJJ. Hur skiljer sig f\u00f6rberedelserna inf\u00f6r en BJJ t\u00e4vling j\u00e4mf\u00f6rt med en SW t\u00e4vling f\u00f6r dig? Ingen skillnad alls skulle jag s\u00e4ga f\u00f6rutom att jag ser till att v\u00e4lja BJJ p\u00e5 dom teknik\/sparring pass som klubben k\u00f6r. Jag ska k\u00f6ra en shootfighting match den&hellip;\" \/>\n<meta name=\"twitter:image\" content=\"https:\/\/grapplingbloggen.se\/wp-content\/uploads\/2010\/11\/Ralf_Carneborn_4.jpg\" \/>\n<meta name=\"twitter:label1\" content=\"Skriven av\" \/>\n\t<meta name=\"twitter:data1\" content=\"Daniel Rosendahl\" \/>\n\t<meta name=\"twitter:label2\" content=\"Ber\u00e4knad l\u00e4stid\" \/>\n\t<meta name=\"twitter:data2\" content=\"2 minuter\" \/>\n<script type=\"application\/ld+json\" class=\"yoast-schema-graph\">{\"@context\":\"https:\\\/\\\/schema.org\",\"@graph\":[{\"@type\":\"Article\",\"@id\":\"https:\\\/\\\/grapplingbloggen.se\\\/?p=3227#article\",\"isPartOf\":{\"@id\":\"https:\\\/\\\/grapplingbloggen.se\\\/?p=3227\"},\"author\":{\"name\":\"Daniel Rosendahl\",\"@id\":\"https:\\\/\\\/grapplingbloggen.se\\\/#\\\/schema\\\/person\\\/59368c54a5e3f2e3adeea43bc97002c8\"},\"headline\":\"Inf\u00f6r BJJ SM 2010: Ralf Carneborn\",\"datePublished\":\"2010-11-19T05:00:35+00:00\",\"dateModified\":\"2011-06-07T10:50:05+00:00\",\"mainEntityOfPage\":{\"@id\":\"https:\\\/\\\/grapplingbloggen.se\\\/?p=3227\"},\"wordCount\":433,\"commentCount\":5,\"publisher\":{\"@id\":\"https:\\\/\\\/grapplingbloggen.se\\\/#organization\"},\"image\":{\"@id\":\"https:\\\/\\\/grapplingbloggen.se\\\/?p=3227#primaryimage\"},\"thumbnailUrl\":\"https:\\\/\\\/grapplingbloggen.se\\\/wp-content\\\/uploads\\\/2010\\\/11\\\/Ralf_Carneborn_4.jpg\",\"keywords\":[\"BJJ SM 2010\",\"Ralf Carneborn\"],\"articleSection\":[\"Intervjuer\",\"Nyheter\"],\"inLanguage\":\"sv-SE\",\"potentialAction\":[{\"@type\":\"CommentAction\",\"name\":\"Comment\",\"target\":[\"https:\\\/\\\/grapplingbloggen.se\\\/?p=3227#respond\"]}]},{\"@type\":\"WebPage\",\"@id\":\"https:\\\/\\\/grapplingbloggen.se\\\/?p=3227\",\"url\":\"https:\\\/\\\/grapplingbloggen.se\\\/?p=3227\",\"name\":\"Inf\u00f6r BJJ SM 2010: Ralf Carneborn - Grapplingbloggen\",\"isPartOf\":{\"@id\":\"https:\\\/\\\/grapplingbloggen.se\\\/#website\"},\"primaryImageOfPage\":{\"@id\":\"https:\\\/\\\/grapplingbloggen.se\\\/?p=3227#primaryimage\"},\"image\":{\"@id\":\"https:\\\/\\\/grapplingbloggen.se\\\/?p=3227#primaryimage\"},\"thumbnailUrl\":\"https:\\\/\\\/grapplingbloggen.se\\\/wp-content\\\/uploads\\\/2010\\\/11\\\/Ralf_Carneborn_4.jpg\",\"datePublished\":\"2010-11-19T05:00:35+00:00\",\"dateModified\":\"2011-06-07T10:50:05+00:00\",\"breadcrumb\":{\"@id\":\"https:\\\/\\\/grapplingbloggen.se\\\/?p=3227#breadcrumb\"},\"inLanguage\":\"sv-SE\",\"potentialAction\":[{\"@type\":\"ReadAction\",\"target\":[\"https:\\\/\\\/grapplingbloggen.se\\\/?p=3227\"]}]},{\"@type\":\"ImageObject\",\"inLanguage\":\"sv-SE\",\"@id\":\"https:\\\/\\\/grapplingbloggen.se\\\/?p=3227#primaryimage\",\"url\":\"https:\\\/\\\/grapplingbloggen.se\\\/wp-content\\\/uploads\\\/2010\\\/11\\\/Ralf_Carneborn_4.jpg\",\"contentUrl\":\"https:\\\/\\\/grapplingbloggen.se\\\/wp-content\\\/uploads\\\/2010\\\/11\\\/Ralf_Carneborn_4.jpg\",\"width\":\"240\",\"height\":\"240\"},{\"@type\":\"BreadcrumbList\",\"@id\":\"https:\\\/\\\/grapplingbloggen.se\\\/?p=3227#breadcrumb\",\"itemListElement\":[{\"@type\":\"ListItem\",\"position\":1,\"name\":\"Hem\",\"item\":\"https:\\\/\\\/grapplingbloggen.se\\\/\"},{\"@type\":\"ListItem\",\"position\":2,\"name\":\"Inf\u00f6r BJJ SM 2010: Ralf Carneborn\"}]},{\"@type\":\"WebSite\",\"@id\":\"https:\\\/\\\/grapplingbloggen.se\\\/#website\",\"url\":\"https:\\\/\\\/grapplingbloggen.se\\\/\",\"name\":\"Grapplingbloggen\",\"description\":\"\",\"publisher\":{\"@id\":\"https:\\\/\\\/grapplingbloggen.se\\\/#organization\"},\"potentialAction\":[{\"@type\":\"SearchAction\",\"target\":{\"@type\":\"EntryPoint\",\"urlTemplate\":\"https:\\\/\\\/grapplingbloggen.se\\\/?s={search_term_string}\"},\"query-input\":{\"@type\":\"PropertyValueSpecification\",\"valueRequired\":true,\"valueName\":\"search_term_string\"}}],\"inLanguage\":\"sv-SE\"},{\"@type\":\"Organization\",\"@id\":\"https:\\\/\\\/grapplingbloggen.se\\\/#organization\",\"name\":\"Grapplingbloggen\",\"url\":\"https:\\\/\\\/grapplingbloggen.se\\\/\",\"logo\":{\"@type\":\"ImageObject\",\"inLanguage\":\"sv-SE\",\"@id\":\"https:\\\/\\\/grapplingbloggen.se\\\/#\\\/schema\\\/logo\\\/image\\\/\",\"url\":\"https:\\\/\\\/grapplingbloggen.se\\\/wp-content\\\/uploads\\\/2017\\\/04\\\/cropped-grapplingbloggen-logo-2017-v2.png\",\"contentUrl\":\"https:\\\/\\\/grapplingbloggen.se\\\/wp-content\\\/uploads\\\/2017\\\/04\\\/cropped-grapplingbloggen-logo-2017-v2.png\",\"width\":570,\"height\":110,\"caption\":\"Grapplingbloggen\"},\"image\":{\"@id\":\"https:\\\/\\\/grapplingbloggen.se\\\/#\\\/schema\\\/logo\\\/image\\\/\"}},{\"@type\":\"Person\",\"@id\":\"https:\\\/\\\/grapplingbloggen.se\\\/#\\\/schema\\\/person\\\/59368c54a5e3f2e3adeea43bc97002c8\",\"name\":\"Daniel Rosendahl\",\"image\":{\"@type\":\"ImageObject\",\"inLanguage\":\"sv-SE\",\"@id\":\"https:\\\/\\\/secure.gravatar.com\\\/avatar\\\/f36e29660179c24c3ea92d445a4ada0dff0ce23106cf47712832fbc16628fdf0?s=96&d=mm&r=g\",\"url\":\"https:\\\/\\\/secure.gravatar.com\\\/avatar\\\/f36e29660179c24c3ea92d445a4ada0dff0ce23106cf47712832fbc16628fdf0?s=96&d=mm&r=g\",\"contentUrl\":\"https:\\\/\\\/secure.gravatar.com\\\/avatar\\\/f36e29660179c24c3ea92d445a4ada0dff0ce23106cf47712832fbc16628fdf0?s=96&d=mm&r=g\",\"caption\":\"Daniel Rosendahl\"},\"description\":\"Startade och driver GrapplingBloggen sen 2009.\",\"sameAs\":[\"https:\\\/\\\/grapplingbloggen.se\"],\"url\":\"https:\\\/\\\/grapplingbloggen.se\\\/?author=2\"}]}<\/script>\n<!-- \/ Yoast SEO plugin. -->","yoast_head_json":{"title":"Inf\u00f6r BJJ SM 2010: Ralf Carneborn - Grapplingbloggen","robots":{"index":"index","follow":"follow","max-snippet":"max-snippet:-1","max-image-preview":"max-image-preview:large","max-video-preview":"max-video-preview:-1"},"canonical":"https:\/\/grapplingbloggen.se\/?p=3227","twitter_card":"summary_large_image","twitter_title":"Inf\u00f6r BJJ SM 2010: Ralf Carneborn - Grapplingbloggen","twitter_description":"Ralf Carneborn t\u00e4vlar f\u00f6r Nacka Dojo och har brunt b\u00e4lte i BJJ. Hur skiljer sig f\u00f6rberedelserna inf\u00f6r en BJJ t\u00e4vling j\u00e4mf\u00f6rt med en SW t\u00e4vling f\u00f6r dig? Ingen skillnad alls skulle jag s\u00e4ga f\u00f6rutom att jag ser till att v\u00e4lja BJJ p\u00e5 dom teknik\/sparring pass som klubben k\u00f6r. Jag ska k\u00f6ra en shootfighting match den&hellip;","twitter_image":"https:\/\/grapplingbloggen.se\/wp-content\/uploads\/2010\/11\/Ralf_Carneborn_4.jpg","twitter_misc":{"Skriven av":"Daniel Rosendahl","Ber\u00e4knad l\u00e4stid":"2 minuter"},"schema":{"@context":"https:\/\/schema.org","@graph":[{"@type":"Article","@id":"https:\/\/grapplingbloggen.se\/?p=3227#article","isPartOf":{"@id":"https:\/\/grapplingbloggen.se\/?p=3227"},"author":{"name":"Daniel Rosendahl","@id":"https:\/\/grapplingbloggen.se\/#\/schema\/person\/59368c54a5e3f2e3adeea43bc97002c8"},"headline":"Inf\u00f6r BJJ SM 2010: Ralf Carneborn","datePublished":"2010-11-19T05:00:35+00:00","dateModified":"2011-06-07T10:50:05+00:00","mainEntityOfPage":{"@id":"https:\/\/grapplingbloggen.se\/?p=3227"},"wordCount":433,"commentCount":5,"publisher":{"@id":"https:\/\/grapplingbloggen.se\/#organization"},"image":{"@id":"https:\/\/grapplingbloggen.se\/?p=3227#primaryimage"},"thumbnailUrl":"https:\/\/grapplingbloggen.se\/wp-content\/uploads\/2010\/11\/Ralf_Carneborn_4.jpg","keywords":["BJJ SM 2010","Ralf Carneborn"],"articleSection":["Intervjuer","Nyheter"],"inLanguage":"sv-SE","potentialAction":[{"@type":"CommentAction","name":"Comment","target":["https:\/\/grapplingbloggen.se\/?p=3227#respond"]}]},{"@type":"WebPage","@id":"https:\/\/grapplingbloggen.se\/?p=3227","url":"https:\/\/grapplingbloggen.se\/?p=3227","name":"Inf\u00f6r BJJ SM 2010: Ralf Carneborn - Grapplingbloggen","isPartOf":{"@id":"https:\/\/grapplingbloggen.se\/#website"},"primaryImageOfPage":{"@id":"https:\/\/grapplingbloggen.se\/?p=3227#primaryimage"},"image":{"@id":"https:\/\/grapplingbloggen.se\/?p=3227#primaryimage"},"thumbnailUrl":"https:\/\/grapplingbloggen.se\/wp-content\/uploads\/2010\/11\/Ralf_Carneborn_4.jpg","datePublished":"2010-11-19T05:00:35+00:00","dateModified":"2011-06-07T10:50:05+00:00","breadcrumb":{"@id":"https:\/\/grapplingbloggen.se\/?p=3227#breadcrumb"},"inLanguage":"sv-SE","potentialAction":[{"@type":"ReadAction","target":["https:\/\/grapplingbloggen.se\/?p=3227"]}]},{"@type":"ImageObject","inLanguage":"sv-SE","@id":"https:\/\/grapplingbloggen.se\/?p=3227#primaryimage","url":"https:\/\/grapplingbloggen.se\/wp-content\/uploads\/2010\/11\/Ralf_Carneborn_4.jpg","contentUrl":"https:\/\/grapplingbloggen.se\/wp-content\/uploads\/2010\/11\/Ralf_Carneborn_4.jpg","width":"240","height":"240"},{"@type":"BreadcrumbList","@id":"https:\/\/grapplingbloggen.se\/?p=3227#breadcrumb","itemListElement":[{"@type":"ListItem","position":1,"name":"Hem","item":"https:\/\/grapplingbloggen.se\/"},{"@type":"ListItem","position":2,"name":"Inf\u00f6r BJJ SM 2010: Ralf Carneborn"}]},{"@type":"WebSite","@id":"https:\/\/grapplingbloggen.se\/#website","url":"https:\/\/grapplingbloggen.se\/","name":"Grapplingbloggen","description":"","publisher":{"@id":"https:\/\/grapplingbloggen.se\/#organization"},"potentialAction":[{"@type":"SearchAction","target":{"@type":"EntryPoint","urlTemplate":"https:\/\/grapplingbloggen.se\/?s={search_term_string}"},"query-input":{"@type":"PropertyValueSpecification","valueRequired":true,"valueName":"search_term_string"}}],"inLanguage":"sv-SE"},{"@type":"Organization","@id":"https:\/\/grapplingbloggen.se\/#organization","name":"Grapplingbloggen","url":"https:\/\/grapplingbloggen.se\/","logo":{"@type":"ImageObject","inLanguage":"sv-SE","@id":"https:\/\/grapplingbloggen.se\/#\/schema\/logo\/image\/","url":"https:\/\/grapplingbloggen.se\/wp-content\/uploads\/2017\/04\/cropped-grapplingbloggen-logo-2017-v2.png","contentUrl":"https:\/\/grapplingbloggen.se\/wp-content\/uploads\/2017\/04\/cropped-grapplingbloggen-logo-2017-v2.png","width":570,"height":110,"caption":"Grapplingbloggen"},"image":{"@id":"https:\/\/grapplingbloggen.se\/#\/schema\/logo\/image\/"}},{"@type":"Person","@id":"https:\/\/grapplingbloggen.se\/#\/schema\/person\/59368c54a5e3f2e3adeea43bc97002c8","name":"Daniel Rosendahl","image":{"@type":"ImageObject","inLanguage":"sv-SE","@id":"https:\/\/secure.gravatar.com\/avatar\/f36e29660179c24c3ea92d445a4ada0dff0ce23106cf47712832fbc16628fdf0?s=96&d=mm&r=g","url":"https:\/\/secure.gravatar.com\/avatar\/f36e29660179c24c3ea92d445a4ada0dff0ce23106cf47712832fbc16628fdf0?s=96&d=mm&r=g","contentUrl":"https:\/\/secure.gravatar.com\/avatar\/f36e29660179c24c3ea92d445a4ada0dff0ce23106cf47712832fbc16628fdf0?s=96&d=mm&r=g","caption":"Daniel Rosendahl"},"description":"Startade och driver GrapplingBloggen sen 2009.","sameAs":["https:\/\/grapplingbloggen.se"],"url":"https:\/\/grapplingbloggen.se\/?author=2"}]}},"_links":{"self":[{"href":"https:\/\/grapplingbloggen.se\/index.php?rest_route=\/wp\/v2\/posts\/3227","targetHints":{"allow":["GET"]}}],"collection":[{"href":"https:\/\/grapplingbloggen.se\/index.php?rest_route=\/wp\/v2\/posts"}],"about":[{"href":"https:\/\/grapplingbloggen.se\/index.php?rest_route=\/wp\/v2\/types\/post"}],"author":[{"embeddable":true,"href":"https:\/\/grapplingbloggen.se\/index.php?rest_route=\/wp\/v2\/users\/2"}],"replies":[{"embeddable":true,"href":"https:\/\/grapplingbloggen.se\/index.php?rest_route=%2Fwp%2Fv2%2Fcomments&post=3227"}],"version-history":[{"count":0,"href":"https:\/\/grapplingbloggen.se\/index.php?rest_route=\/wp\/v2\/posts\/3227\/revisions"}],"wp:attachment":[{"href":"https:\/\/grapplingbloggen.se\/index.php?rest_route=%2Fwp%2Fv2%2Fmedia&parent=3227"}],"wp:term":[{"taxonomy":"category","embeddable":true,"href":"https:\/\/grapplingbloggen.se\/index.php?rest_route=%2Fwp%2Fv2%2Fcategories&post=3227"},{"taxonomy":"post_tag","embeddable":true,"href":"https:\/\/grapplingbloggen.se\/index.php?rest_route=%2Fwp%2Fv2%2Ftags&post=3227"}],"curies":[{"name":"wp","href":"https:\/\/api.w.org\/{rel}","templated":true}]}}