{"id":4480,"date":"2011-02-02T04:22:45","date_gmt":"2011-02-02T03:22:45","guid":{"rendered":"https:\/\/grapplingbloggen.se\/?p=4480"},"modified":"2011-02-02T19:24:30","modified_gmt":"2011-02-02T18:24:30","slug":"forra-veckan","status":"publish","type":"post","link":"https:\/\/grapplingbloggen.se\/?p=4480","title":{"rendered":"F\u00f6rra veckan&#8230;"},"content":{"rendered":"<p>I helgen var det BJJ EM i Lissabon, om n\u00e5gon nu r\u00e5kat missat det. Tack vare Fejjan kunde jag h\u00e5lla mig uppdaterade p\u00e5 hur det gick f\u00f6r mina svenska och internationella bjj-kompisar. Jag blir s\u00e5 sjukt stolt \u00f6ver deras framg\u00e5ngar. Har gluttat p\u00e5 flera album och det k\u00e4nns n\u00e4stan som att man sj\u00e4lv var p\u00e5 plats. Om jag inte missminner mig, s\u00e5 har jag \u00e5kt till EM 4 g\u00e5nger. En g\u00e5ng fick jag med mig ett brons hem och de senaste 2 g\u00e5ngerna som hejarklack. Kan varmt rekommendera att man \u00e5ker dit f\u00f6r en intensiv BJJ helg, \u00e4ven om man inte st\u00e4ller upp och t\u00e4vlar sj\u00e4lv. Atmosf\u00e4ren \u00e4r skruvad och sjukt h\u00e4rlig. N\u00e4sta \u00e5r har jag t\u00e4nkt ta mig dit igen, som t\u00e4vlande.<\/p>\n<p>Haka p\u00e5 vettja!<\/p>\n<figure id=\"attachment_4478\" aria-describedby=\"caption-attachment-4478\" style=\"width: 300px\" class=\"wp-caption aligncenter\"><a href=\"https:\/\/grapplingbloggen.se\/wp-content\/uploads\/2011\/02\/blogg1.jpg\"><img loading=\"lazy\" decoding=\"async\" class=\"size-medium wp-image-4478\" src=\"https:\/\/grapplingbloggen.se\/wp-content\/uploads\/2011\/02\/blogg1-300x225.jpg\" alt=\"Lissabon 2009. Ett v\u00e4lfotograferat torg bland BJJ-fighters...\" width=\"300\" height=\"225\" srcset=\"https:\/\/grapplingbloggen.se\/wp-content\/uploads\/2011\/02\/blogg1-300x225.jpg 300w, https:\/\/grapplingbloggen.se\/wp-content\/uploads\/2011\/02\/blogg1.jpg 604w\" sizes=\"auto, (max-width: 300px) 100vw, 300px\" \/><\/a><figcaption id=\"caption-attachment-4478\" class=\"wp-caption-text\">Lissabon 2009. Ett v\u00e4lfotograferat torg bland BJJ-fighters...<\/figcaption><\/figure>\n<p><!--more-->F\u00f6rra tisdagen var jag och h\u00e4lsade p\u00e5 klubben Flow BJJ i J\u00e4rna, strax utanf\u00f6r S\u00f6dert\u00e4lje. Coola-Klara och n\u00e5gra av killar som hakade p\u00e5 till Swedish Open BJJ i november var bland m\u00e5nga andra d\u00e4r. Det var h\u00e4rligt att f\u00e5 rulla med de. Ariel var sjuk s\u00e5 Fredrik, en klubbkompis fr\u00e5n f\u00f6rr, h\u00f6ll i passet. Han var dock lite orolig f\u00f6r att jag inte skulle tycka basic guardpasseringarna var flashiga nog f\u00f6r mig. D\u00e4r hade han fel. Jag \u00e4r inte den som \u00e4r den liksom.\u00a0Spillerill om jag l\u00e4ra mig nya eller repetera gamla tekniker. S\u00e5 l\u00e4nge jag f\u00e5r vara hel p\u00e5 mattan s\u00e5 \u00e4r jag tacksam f\u00f6r allt som erbjuds. Grymt kul hade jag i alla fall och det h\u00f6r ju inte till ovanligheten.<\/p>\n<p>I onsdags h\u00f6ll dr Fredde, brunb\u00e4lte, i passet p\u00e5 Carlson Gracie. Jag fick agera tolk och tr\u00e4ningsdocka \u00e5t en amerikansk tjej som ska tr\u00e4na med oss den h\u00e4r terminen. N\u00e5got jag aldrig lyckas komma ifr\u00e5n \u00e4r att jag alltid ska h\u00e4rma kvalit\u00e9n och dialekten p\u00e5 den person jag pratar engelska med. Det kan l\u00e5ta ungef\u00e4r s\u00e5 h\u00e4r: -Do an aRmbaR (med en amerikan).- Do an a\u00b4mba\u00b4 (med en britt). \u2013\u00d6\u00f6\u00f6h one arm mmm lock. ( med en som pratar knacklig engelska). Jobbigt v\u00e4rre om jag skulle beh\u00f6va konversera med folk i en grupp best\u00e5ende av flera dialekter. Schizost\u00e4mpel, check!<\/p>\n<p>I torsdags drog jag till Pancrase f\u00f6r att provk\u00f6ra SW d\u00e4r. Nu n\u00e4r jag \u00e4r tillbaka p\u00e5 mattan med den fetaste t\u00e4nkbara abstinensen packad i kroppen efter f\u00f6rra \u00e5ret, s\u00e5 beh\u00f6ver jag ut\u00f6ka mina tr\u00e4nings timmar till max. Jag var lite nerv\u00f6s, fast p\u00e5 ett positivt s\u00e4tt eftersom jag inte riktigt visste vad som v\u00e4ntade mig. N\u00e4r jag kom dit k\u00e4nde jag inte igen ett endaste ansikte, vilket inte h\u00e4nder s\u00e5 ofta nuf\u00f6rtiden i grapplingsammanhang. Jag gick in till damernas och bytte om. N\u00e4r jag kom ut s\u00e5g jag n\u00e5gra av gull-kidsen fr\u00e5n MMA summer camp, Omar-tv\u00e4ttpojken och Tobbe. Senare kom \u00e4ven Jonte.<\/p>\n<figure id=\"attachment_4479\" aria-describedby=\"caption-attachment-4479\" style=\"width: 419px\" class=\"wp-caption aligncenter\"><a href=\"https:\/\/grapplingbloggen.se\/wp-content\/uploads\/2011\/02\/bloggomar.bmp\"><img loading=\"lazy\" decoding=\"async\" class=\"size-full wp-image-4479 \" src=\"https:\/\/grapplingbloggen.se\/wp-content\/uploads\/2011\/02\/bloggomar.bmp\" alt=\"Omar och jag i somras p\u00e5 MMA-camp\" width=\"419\" height=\"280\" \/><\/a><figcaption id=\"caption-attachment-4479\" class=\"wp-caption-text\">Omar och jag i somras p\u00e5 MMA-academy summer camp.<\/figcaption><\/figure>\n<p style=\"text-align: left\">Jag fr\u00e5gade Omar vem dagens tr\u00e4nare var och han pekade mot receptionsdisken: -&#8221;Killen i r\u00f6d tr\u00f6ja&#8221;. Jag tittade dit och sa:- &#8221;Honom har jag aldrig sett f\u00f6rut&#8221;. Han s\u00e5g inte direkt ut som en typisk grapplingtr\u00e4nare. Kanske inte v\u00e4rldens mest v\u00e4ltr\u00e4nade kropp och ett litet os\u00e4kert intryck fick jag av honom. Skenet kan bedra, t\u00e4nkte jag. Vet ju av erfarenhet att folk h\u00f6jer minst ett \u00f6gonbryn n\u00e4r de f\u00e5r h\u00f6ra att sn\u00f6ret-jag sysslar med kampsport, s\u00e5 han kanske var v\u00e4rsta v\u00e4rsta p\u00e5 det h\u00e4r omr\u00e5det.<\/p>\n<p>Under tiden jag pratade med kidsen s\u00e5 kom han och genade d\u00e4r vi stod. Jag knackade honom lite l\u00e4tt p\u00e5 axeln, str\u00e4ckte fram handen och sa: -\u201dHej, jag t\u00e4nkte bara h\u00e4lsa. Jag \u00e4r ny h\u00e4r\u201d. Han h\u00e4lsade tveksamt tillbaka, samtidigt stirrande p\u00e5 mig som om han sett ett UFO och jag undrade f\u00f6r mig sj\u00e4lv vad i hela friden han led av. Omar tittade f\u00f6rv\u00e5nat och t\u00e4nkte ett par sekunder p\u00e5 vad jag precis h\u00f6ll p\u00e5 med. Sen trillade poletten ner:- \u201d Nej, nej Dusi han \u00e4r inte tr\u00e4naren, men det var en bra isbrytare! Jag sa ju att det var killen i r\u00f6d tr\u00f6ja.\u201d \u2013\u201d M\u00e4h han har ju r\u00f6d t-shirt p\u00e5 sig!\u201d f\u00f6rsvarade jag mig. N\u00e4r jag tittade mot receptionen igen, s\u00e5g jag att bakom disken i ett omkl\u00e4dningsrum stod en Herkules-look-alike ( definitivt tr\u00e4naren) i vinr\u00f6d rashguard och bytte om. Kidsen, jag och \u00b4r\u00f6d t-shirten\u00b4 br\u00f6t ut i asgarv \u00e5t det lilla missf\u00f6rst\u00e5ndet. F\u00f6rsta intrycket folk har f\u00e5tt av mig p\u00e5 den klubben ska jag nog inte gr\u00e4va djupare i. Jag bjuder p\u00e5 det.<\/p>\n<p>Herkules, visade sig iallafall heta Hannes och hade nedtagningar p\u00e5 agendan. Tr\u00e4ningen var uppiggande och l\u00e4rorik. Det enda jag saknade p\u00e5 passet var lite mera tjejer, d\u00e5 jag var den enda bland 27 killar. Veckans lyxproblem.<\/p>\n","protected":false},"excerpt":{"rendered":"<p>I helgen var det BJJ EM i Lissabon, om n\u00e5gon nu r\u00e5kat missat det. Tack vare Fejjan kunde jag h\u00e5lla mig uppdaterade p\u00e5 hur det gick f\u00f6r mina svenska och internationella bjj-kompisar. Jag blir s\u00e5 sjukt stolt \u00f6ver deras framg\u00e5ngar. Har gluttat p\u00e5 flera album och det k\u00e4nns n\u00e4stan som att man sj\u00e4lv var p\u00e5&hellip;<\/p>\n","protected":false},"author":4,"featured_media":0,"comment_status":"open","ping_status":"closed","sticky":false,"template":"","format":"standard","meta":{"footnotes":""},"categories":[175,177],"tags":[],"class_list":{"0":"post-4480","1":"post","2":"type-post","3":"status-publish","4":"format-standard","6":"category-bloggar","7":"category-dusi-bozovic","8":"wrapper-post entry","9":"no-post-thumbnail","10":"wrapper-post-text"},"yoast_head":"<!-- This site is optimized with the Yoast SEO plugin v27.5 - https:\/\/yoast.com\/product\/yoast-seo-wordpress\/ -->\n<title>F\u00f6rra veckan... - Grapplingbloggen<\/title>\n<meta name=\"robots\" content=\"index, follow, max-snippet:-1, max-image-preview:large, max-video-preview:-1\" \/>\n<link rel=\"canonical\" href=\"https:\/\/grapplingbloggen.se\/?p=4480\" \/>\n<meta name=\"twitter:card\" content=\"summary_large_image\" \/>\n<meta name=\"twitter:title\" content=\"F\u00f6rra veckan... - Grapplingbloggen\" \/>\n<meta name=\"twitter:description\" content=\"I helgen var det BJJ EM i Lissabon, om n\u00e5gon nu r\u00e5kat missat det. Tack vare Fejjan kunde jag h\u00e5lla mig uppdaterade p\u00e5 hur det gick f\u00f6r mina svenska och internationella bjj-kompisar. Jag blir s\u00e5 sjukt stolt \u00f6ver deras framg\u00e5ngar. Har gluttat p\u00e5 flera album och det k\u00e4nns n\u00e4stan som att man sj\u00e4lv var p\u00e5&hellip;\" \/>\n<meta name=\"twitter:image\" content=\"https:\/\/grapplingbloggen.se\/wp-content\/uploads\/2011\/02\/blogg1.jpg\" \/>\n<meta name=\"twitter:label1\" content=\"Skriven av\" \/>\n\t<meta name=\"twitter:data1\" content=\"Dusi Bozovic\" \/>\n\t<meta name=\"twitter:label2\" content=\"Ber\u00e4knad l\u00e4stid\" \/>\n\t<meta name=\"twitter:data2\" content=\"5 minuter\" \/>\n<script type=\"application\/ld+json\" class=\"yoast-schema-graph\">{\"@context\":\"https:\\\/\\\/schema.org\",\"@graph\":[{\"@type\":\"Article\",\"@id\":\"https:\\\/\\\/grapplingbloggen.se\\\/?p=4480#article\",\"isPartOf\":{\"@id\":\"https:\\\/\\\/grapplingbloggen.se\\\/?p=4480\"},\"author\":{\"name\":\"Dusi Bozovic\",\"@id\":\"https:\\\/\\\/grapplingbloggen.se\\\/#\\\/schema\\\/person\\\/b2d380c7bd202567970c427c469848e3\"},\"headline\":\"F\u00f6rra veckan&#8230;\",\"datePublished\":\"2011-02-02T03:22:45+00:00\",\"dateModified\":\"2011-02-02T18:24:30+00:00\",\"mainEntityOfPage\":{\"@id\":\"https:\\\/\\\/grapplingbloggen.se\\\/?p=4480\"},\"wordCount\":916,\"commentCount\":4,\"publisher\":{\"@id\":\"https:\\\/\\\/grapplingbloggen.se\\\/#organization\"},\"image\":{\"@id\":\"https:\\\/\\\/grapplingbloggen.se\\\/?p=4480#primaryimage\"},\"thumbnailUrl\":\"https:\\\/\\\/grapplingbloggen.se\\\/wp-content\\\/uploads\\\/2011\\\/02\\\/blogg1-300x225.jpg\",\"articleSection\":[\"Bloggar\",\"Dusi Bozovic\"],\"inLanguage\":\"sv-SE\",\"potentialAction\":[{\"@type\":\"CommentAction\",\"name\":\"Comment\",\"target\":[\"https:\\\/\\\/grapplingbloggen.se\\\/?p=4480#respond\"]}]},{\"@type\":\"WebPage\",\"@id\":\"https:\\\/\\\/grapplingbloggen.se\\\/?p=4480\",\"url\":\"https:\\\/\\\/grapplingbloggen.se\\\/?p=4480\",\"name\":\"F\u00f6rra veckan... - Grapplingbloggen\",\"isPartOf\":{\"@id\":\"https:\\\/\\\/grapplingbloggen.se\\\/#website\"},\"primaryImageOfPage\":{\"@id\":\"https:\\\/\\\/grapplingbloggen.se\\\/?p=4480#primaryimage\"},\"image\":{\"@id\":\"https:\\\/\\\/grapplingbloggen.se\\\/?p=4480#primaryimage\"},\"thumbnailUrl\":\"https:\\\/\\\/grapplingbloggen.se\\\/wp-content\\\/uploads\\\/2011\\\/02\\\/blogg1-300x225.jpg\",\"datePublished\":\"2011-02-02T03:22:45+00:00\",\"dateModified\":\"2011-02-02T18:24:30+00:00\",\"breadcrumb\":{\"@id\":\"https:\\\/\\\/grapplingbloggen.se\\\/?p=4480#breadcrumb\"},\"inLanguage\":\"sv-SE\",\"potentialAction\":[{\"@type\":\"ReadAction\",\"target\":[\"https:\\\/\\\/grapplingbloggen.se\\\/?p=4480\"]}]},{\"@type\":\"ImageObject\",\"inLanguage\":\"sv-SE\",\"@id\":\"https:\\\/\\\/grapplingbloggen.se\\\/?p=4480#primaryimage\",\"url\":\"https:\\\/\\\/grapplingbloggen.se\\\/wp-content\\\/uploads\\\/2011\\\/02\\\/blogg1.jpg\",\"contentUrl\":\"https:\\\/\\\/grapplingbloggen.se\\\/wp-content\\\/uploads\\\/2011\\\/02\\\/blogg1.jpg\",\"width\":\"604\",\"height\":\"453\",\"caption\":\"Lissabon 2009. Ett v\u00e4lfotograferat torg bland BJJ-fighters...\"},{\"@type\":\"BreadcrumbList\",\"@id\":\"https:\\\/\\\/grapplingbloggen.se\\\/?p=4480#breadcrumb\",\"itemListElement\":[{\"@type\":\"ListItem\",\"position\":1,\"name\":\"Hem\",\"item\":\"https:\\\/\\\/grapplingbloggen.se\\\/\"},{\"@type\":\"ListItem\",\"position\":2,\"name\":\"F\u00f6rra veckan&#8230;\"}]},{\"@type\":\"WebSite\",\"@id\":\"https:\\\/\\\/grapplingbloggen.se\\\/#website\",\"url\":\"https:\\\/\\\/grapplingbloggen.se\\\/\",\"name\":\"Grapplingbloggen\",\"description\":\"\",\"publisher\":{\"@id\":\"https:\\\/\\\/grapplingbloggen.se\\\/#organization\"},\"potentialAction\":[{\"@type\":\"SearchAction\",\"target\":{\"@type\":\"EntryPoint\",\"urlTemplate\":\"https:\\\/\\\/grapplingbloggen.se\\\/?s={search_term_string}\"},\"query-input\":{\"@type\":\"PropertyValueSpecification\",\"valueRequired\":true,\"valueName\":\"search_term_string\"}}],\"inLanguage\":\"sv-SE\"},{\"@type\":\"Organization\",\"@id\":\"https:\\\/\\\/grapplingbloggen.se\\\/#organization\",\"name\":\"Grapplingbloggen\",\"url\":\"https:\\\/\\\/grapplingbloggen.se\\\/\",\"logo\":{\"@type\":\"ImageObject\",\"inLanguage\":\"sv-SE\",\"@id\":\"https:\\\/\\\/grapplingbloggen.se\\\/#\\\/schema\\\/logo\\\/image\\\/\",\"url\":\"https:\\\/\\\/grapplingbloggen.se\\\/wp-content\\\/uploads\\\/2017\\\/04\\\/cropped-grapplingbloggen-logo-2017-v2.png\",\"contentUrl\":\"https:\\\/\\\/grapplingbloggen.se\\\/wp-content\\\/uploads\\\/2017\\\/04\\\/cropped-grapplingbloggen-logo-2017-v2.png\",\"width\":570,\"height\":110,\"caption\":\"Grapplingbloggen\"},\"image\":{\"@id\":\"https:\\\/\\\/grapplingbloggen.se\\\/#\\\/schema\\\/logo\\\/image\\\/\"}},{\"@type\":\"Person\",\"@id\":\"https:\\\/\\\/grapplingbloggen.se\\\/#\\\/schema\\\/person\\\/b2d380c7bd202567970c427c469848e3\",\"name\":\"Dusi Bozovic\",\"image\":{\"@type\":\"ImageObject\",\"inLanguage\":\"sv-SE\",\"@id\":\"https:\\\/\\\/secure.gravatar.com\\\/avatar\\\/f1b739731082c22c14c36044d61ebbda0b561d793991b85b330e63d075971f39?s=96&d=mm&r=g\",\"url\":\"https:\\\/\\\/secure.gravatar.com\\\/avatar\\\/f1b739731082c22c14c36044d61ebbda0b561d793991b85b330e63d075971f39?s=96&d=mm&r=g\",\"contentUrl\":\"https:\\\/\\\/secure.gravatar.com\\\/avatar\\\/f1b739731082c22c14c36044d61ebbda0b561d793991b85b330e63d075971f39?s=96&d=mm&r=g\",\"caption\":\"Dusi Bozovic\"},\"url\":\"https:\\\/\\\/grapplingbloggen.se\\\/?author=4\"}]}<\/script>\n<!-- \/ Yoast SEO plugin. -->","yoast_head_json":{"title":"F\u00f6rra veckan... - Grapplingbloggen","robots":{"index":"index","follow":"follow","max-snippet":"max-snippet:-1","max-image-preview":"max-image-preview:large","max-video-preview":"max-video-preview:-1"},"canonical":"https:\/\/grapplingbloggen.se\/?p=4480","twitter_card":"summary_large_image","twitter_title":"F\u00f6rra veckan... - Grapplingbloggen","twitter_description":"I helgen var det BJJ EM i Lissabon, om n\u00e5gon nu r\u00e5kat missat det. Tack vare Fejjan kunde jag h\u00e5lla mig uppdaterade p\u00e5 hur det gick f\u00f6r mina svenska och internationella bjj-kompisar. Jag blir s\u00e5 sjukt stolt \u00f6ver deras framg\u00e5ngar. Har gluttat p\u00e5 flera album och det k\u00e4nns n\u00e4stan som att man sj\u00e4lv var p\u00e5&hellip;","twitter_image":"https:\/\/grapplingbloggen.se\/wp-content\/uploads\/2011\/02\/blogg1.jpg","twitter_misc":{"Skriven av":"Dusi Bozovic","Ber\u00e4knad l\u00e4stid":"5 minuter"},"schema":{"@context":"https:\/\/schema.org","@graph":[{"@type":"Article","@id":"https:\/\/grapplingbloggen.se\/?p=4480#article","isPartOf":{"@id":"https:\/\/grapplingbloggen.se\/?p=4480"},"author":{"name":"Dusi Bozovic","@id":"https:\/\/grapplingbloggen.se\/#\/schema\/person\/b2d380c7bd202567970c427c469848e3"},"headline":"F\u00f6rra veckan&#8230;","datePublished":"2011-02-02T03:22:45+00:00","dateModified":"2011-02-02T18:24:30+00:00","mainEntityOfPage":{"@id":"https:\/\/grapplingbloggen.se\/?p=4480"},"wordCount":916,"commentCount":4,"publisher":{"@id":"https:\/\/grapplingbloggen.se\/#organization"},"image":{"@id":"https:\/\/grapplingbloggen.se\/?p=4480#primaryimage"},"thumbnailUrl":"https:\/\/grapplingbloggen.se\/wp-content\/uploads\/2011\/02\/blogg1-300x225.jpg","articleSection":["Bloggar","Dusi Bozovic"],"inLanguage":"sv-SE","potentialAction":[{"@type":"CommentAction","name":"Comment","target":["https:\/\/grapplingbloggen.se\/?p=4480#respond"]}]},{"@type":"WebPage","@id":"https:\/\/grapplingbloggen.se\/?p=4480","url":"https:\/\/grapplingbloggen.se\/?p=4480","name":"F\u00f6rra veckan... - Grapplingbloggen","isPartOf":{"@id":"https:\/\/grapplingbloggen.se\/#website"},"primaryImageOfPage":{"@id":"https:\/\/grapplingbloggen.se\/?p=4480#primaryimage"},"image":{"@id":"https:\/\/grapplingbloggen.se\/?p=4480#primaryimage"},"thumbnailUrl":"https:\/\/grapplingbloggen.se\/wp-content\/uploads\/2011\/02\/blogg1-300x225.jpg","datePublished":"2011-02-02T03:22:45+00:00","dateModified":"2011-02-02T18:24:30+00:00","breadcrumb":{"@id":"https:\/\/grapplingbloggen.se\/?p=4480#breadcrumb"},"inLanguage":"sv-SE","potentialAction":[{"@type":"ReadAction","target":["https:\/\/grapplingbloggen.se\/?p=4480"]}]},{"@type":"ImageObject","inLanguage":"sv-SE","@id":"https:\/\/grapplingbloggen.se\/?p=4480#primaryimage","url":"https:\/\/grapplingbloggen.se\/wp-content\/uploads\/2011\/02\/blogg1.jpg","contentUrl":"https:\/\/grapplingbloggen.se\/wp-content\/uploads\/2011\/02\/blogg1.jpg","width":"604","height":"453","caption":"Lissabon 2009. Ett v\u00e4lfotograferat torg bland BJJ-fighters..."},{"@type":"BreadcrumbList","@id":"https:\/\/grapplingbloggen.se\/?p=4480#breadcrumb","itemListElement":[{"@type":"ListItem","position":1,"name":"Hem","item":"https:\/\/grapplingbloggen.se\/"},{"@type":"ListItem","position":2,"name":"F\u00f6rra veckan&#8230;"}]},{"@type":"WebSite","@id":"https:\/\/grapplingbloggen.se\/#website","url":"https:\/\/grapplingbloggen.se\/","name":"Grapplingbloggen","description":"","publisher":{"@id":"https:\/\/grapplingbloggen.se\/#organization"},"potentialAction":[{"@type":"SearchAction","target":{"@type":"EntryPoint","urlTemplate":"https:\/\/grapplingbloggen.se\/?s={search_term_string}"},"query-input":{"@type":"PropertyValueSpecification","valueRequired":true,"valueName":"search_term_string"}}],"inLanguage":"sv-SE"},{"@type":"Organization","@id":"https:\/\/grapplingbloggen.se\/#organization","name":"Grapplingbloggen","url":"https:\/\/grapplingbloggen.se\/","logo":{"@type":"ImageObject","inLanguage":"sv-SE","@id":"https:\/\/grapplingbloggen.se\/#\/schema\/logo\/image\/","url":"https:\/\/grapplingbloggen.se\/wp-content\/uploads\/2017\/04\/cropped-grapplingbloggen-logo-2017-v2.png","contentUrl":"https:\/\/grapplingbloggen.se\/wp-content\/uploads\/2017\/04\/cropped-grapplingbloggen-logo-2017-v2.png","width":570,"height":110,"caption":"Grapplingbloggen"},"image":{"@id":"https:\/\/grapplingbloggen.se\/#\/schema\/logo\/image\/"}},{"@type":"Person","@id":"https:\/\/grapplingbloggen.se\/#\/schema\/person\/b2d380c7bd202567970c427c469848e3","name":"Dusi Bozovic","image":{"@type":"ImageObject","inLanguage":"sv-SE","@id":"https:\/\/secure.gravatar.com\/avatar\/f1b739731082c22c14c36044d61ebbda0b561d793991b85b330e63d075971f39?s=96&d=mm&r=g","url":"https:\/\/secure.gravatar.com\/avatar\/f1b739731082c22c14c36044d61ebbda0b561d793991b85b330e63d075971f39?s=96&d=mm&r=g","contentUrl":"https:\/\/secure.gravatar.com\/avatar\/f1b739731082c22c14c36044d61ebbda0b561d793991b85b330e63d075971f39?s=96&d=mm&r=g","caption":"Dusi Bozovic"},"url":"https:\/\/grapplingbloggen.se\/?author=4"}]}},"_links":{"self":[{"href":"https:\/\/grapplingbloggen.se\/index.php?rest_route=\/wp\/v2\/posts\/4480","targetHints":{"allow":["GET"]}}],"collection":[{"href":"https:\/\/grapplingbloggen.se\/index.php?rest_route=\/wp\/v2\/posts"}],"about":[{"href":"https:\/\/grapplingbloggen.se\/index.php?rest_route=\/wp\/v2\/types\/post"}],"author":[{"embeddable":true,"href":"https:\/\/grapplingbloggen.se\/index.php?rest_route=\/wp\/v2\/users\/4"}],"replies":[{"embeddable":true,"href":"https:\/\/grapplingbloggen.se\/index.php?rest_route=%2Fwp%2Fv2%2Fcomments&post=4480"}],"version-history":[{"count":0,"href":"https:\/\/grapplingbloggen.se\/index.php?rest_route=\/wp\/v2\/posts\/4480\/revisions"}],"wp:attachment":[{"href":"https:\/\/grapplingbloggen.se\/index.php?rest_route=%2Fwp%2Fv2%2Fmedia&parent=4480"}],"wp:term":[{"taxonomy":"category","embeddable":true,"href":"https:\/\/grapplingbloggen.se\/index.php?rest_route=%2Fwp%2Fv2%2Fcategories&post=4480"},{"taxonomy":"post_tag","embeddable":true,"href":"https:\/\/grapplingbloggen.se\/index.php?rest_route=%2Fwp%2Fv2%2Ftags&post=4480"}],"curies":[{"name":"wp","href":"https:\/\/api.w.org\/{rel}","templated":true}]}}