{"id":4566,"date":"2011-02-07T06:00:17","date_gmt":"2011-02-07T05:00:17","guid":{"rendered":"https:\/\/grapplingbloggen.se\/?p=4566"},"modified":"2011-06-07T11:52:30","modified_gmt":"2011-06-07T10:52:30","slug":"intervju-mikael-marffy-efter-european-open-2011","status":"publish","type":"post","link":"https:\/\/grapplingbloggen.se\/?p=4566","title":{"rendered":"Intervju: Mikael Marffy efter European Open 2011"},"content":{"rendered":"<p><strong><a href=\"https:\/\/grapplingbloggen.se\/wp-content\/uploads\/2011\/02\/Mikael_Marffy_European_Open_2011.jpg\"><img loading=\"lazy\" decoding=\"async\" class=\"alignnone size-medium wp-image-4567\" title=\"Mikael_Marffy_European_Open_2011\" src=\"https:\/\/grapplingbloggen.se\/wp-content\/uploads\/2011\/02\/Mikael_Marffy_European_Open_2011-226x300.jpg\" alt=\"\" width=\"226\" height=\"300\" srcset=\"https:\/\/grapplingbloggen.se\/wp-content\/uploads\/2011\/02\/Mikael_Marffy_European_Open_2011-226x300.jpg 226w, https:\/\/grapplingbloggen.se\/wp-content\/uploads\/2011\/02\/Mikael_Marffy_European_Open_2011.jpg 317w\" sizes=\"auto, (max-width: 226px) 100vw, 226px\" \/><br \/>\n<\/a><\/strong>Mikaels guldmedalj fr\u00e5n brown belt master open. <strong><\/strong><\/p>\n<p><strong>I en tidigare intervju n\u00e4mnde du att ett av dina m\u00e5l var att vinna European Open som brunb\u00e4lte, hur k\u00e4nns det nu n\u00e4r det m\u00e5let \u00e4r uppn\u00e5tt?<\/strong><br \/>\nJag \u00e4r sj\u00e4lvklart v\u00e4ldigt glad. Nu har jag vunnit EM i Jiu-Jitsu i bl\u00e5tt, lila och brunt b\u00e4lte.\u00a0Kan jag vinna som svartb\u00e4lte blir jag en s\u00e5 kallad regnb\u00e5gsm\u00e4stare (om man vinner ett m\u00e4sterskap i alla b\u00e4ltes kategorier). Det finns det inte m\u00e5nga av i v\u00e4rlden, s\u00e5 det \u00e4r mitt EM m\u00e5l f\u00f6r framtiden inom Jiu-Jitsu.<\/p>\n<p><strong>Kan du ber\u00e4tta om dina matcher?<\/strong><br \/>\nD\u00e4r var 44st anm\u00e4lda i den \u00f6ppna klassen f\u00f6r masters s\u00e5 det var ett tufft startf\u00e4lt.<br \/>\nVinst 1, walkover<br \/>\nVinst\u00a02, mot Holland (vinnaren i -1ookg) (5-0)<br \/>\nVinst\u00a03, och kvartsfinal mot Portugal (7-0)<br \/>\nVinst\u00a04, och semifinal mot Brasilien (submission)<br \/>\nVinst\u00a05, och final mot Tyskland (vinnaren\u00a0i -94kg) (7-0)<\/p>\n<p><!--more--><strong>\u00c4r guld som brunb\u00e4lte i VM n\u00e4sta m\u00e5l?<\/strong><br \/>\nUnder v\u00e5ren ligger min fokus p\u00e5 Jiu-Jitsu. Mitt m\u00e5l f\u00f6r \u00e5ret \u00e4r precis som du s\u00e4ger, att vinna VM som brunb\u00e4lte. Mitt t\u00e4vlingsschema ser ut s\u00e5h\u00e4r fram tills sommaren:<br \/>\nFebruari 12: World Pro Trials (Polen, Warszawa).<br \/>\nFebruari 19-20: Danish Open (Hiller\u00f6d, Danmark).<br \/>\nMars 26: World Pro Trials (London, Storbritannien).<br \/>\nApril 14-16: World Pro Finals (Abu Dhabi, F\u00f6renade Arabemiraten).<br \/>\nMaj 7-8: Judo SM (Varberg) .<br \/>\nJuni 2-5: VM (Los Angeles, USA).<\/p>\n<p>Vad g\u00e4ller Submission Wrestling s\u00e5 blir det endast om det passar in i mitt schema. Fokus ligger p\u00e5 Jiu-Jitsu VM och d\u00e4rf\u00f6r kommer jag att tr\u00e4na s\u00e5 mycket som m\u00f6jligt med gi (Judo &amp; Jiu-Jitsu).<\/p>\n<p><strong>N\u00e5got nytt om n\u00e4r din MMA debut kan bli?<\/strong><br \/>\nVad g\u00e4ller MMA s\u00e5 kommer min fokus att ligga p\u00e5 att g\u00f6ra en debut till h\u00f6sten. Efter Jiu-Jitsu VM i juni s\u00e5 blir det MMA i sommar och h\u00f6st med fokus p\u00e5 att g\u00f6ra min proffs debut till h\u00f6sten. Men det h\u00e4nger p\u00e5 hur tr\u00e4ningen g\u00e5r och om Omar Bouiche anser att jag \u00e4r redo f\u00f6r det. Det \u00e4r sv\u00e5rt eftersom det g\u00e5r bra inom grapplingen och jag gillar att fokusera p\u00e5 en sak f\u00f6r att bli s\u00e5 bra som m\u00f6jligt p\u00e5 det. Men jag saknar MMA tr\u00e4ningen och med st\u00f6rsta sannolikhet s\u00e5 blir det fokus p\u00e5 MMA efter Jiu-Jitsu VM som sagt.<\/p>\n","protected":false},"excerpt":{"rendered":"<p>Mikaels guldmedalj fr\u00e5n brown belt master open. I en tidigare intervju n\u00e4mnde du att ett av dina m\u00e5l var att vinna European Open som brunb\u00e4lte, hur k\u00e4nns det nu n\u00e4r det m\u00e5let \u00e4r uppn\u00e5tt? Jag \u00e4r sj\u00e4lvklart v\u00e4ldigt glad. Nu har jag vunnit EM i Jiu-Jitsu i bl\u00e5tt, lila och brunt b\u00e4lte.\u00a0Kan jag vinna som&hellip;<\/p>\n","protected":false},"author":2,"featured_media":0,"comment_status":"open","ping_status":"closed","sticky":false,"template":"","format":"standard","meta":{"footnotes":""},"categories":[18,197],"tags":[193],"class_list":{"0":"post-4566","1":"post","2":"type-post","3":"status-publish","4":"format-standard","6":"category-intervjuer","7":"category-nyheter","8":"tag-mikael-marffy","9":"wrapper-post entry","10":"no-post-thumbnail","11":"wrapper-post-text"},"yoast_head":"<!-- This site is optimized with the Yoast SEO plugin v27.5 - https:\/\/yoast.com\/product\/yoast-seo-wordpress\/ -->\n<title>Intervju: Mikael Marffy efter European Open 2011 - Grapplingbloggen<\/title>\n<meta name=\"robots\" content=\"index, follow, max-snippet:-1, max-image-preview:large, max-video-preview:-1\" \/>\n<link rel=\"canonical\" href=\"https:\/\/grapplingbloggen.se\/?p=4566\" \/>\n<meta name=\"twitter:card\" content=\"summary_large_image\" \/>\n<meta name=\"twitter:title\" content=\"Intervju: Mikael Marffy efter European Open 2011 - Grapplingbloggen\" \/>\n<meta name=\"twitter:description\" content=\"Mikaels guldmedalj fr\u00e5n brown belt master open. I en tidigare intervju n\u00e4mnde du att ett av dina m\u00e5l var att vinna European Open som brunb\u00e4lte, hur k\u00e4nns det nu n\u00e4r det m\u00e5let \u00e4r uppn\u00e5tt? Jag \u00e4r sj\u00e4lvklart v\u00e4ldigt glad. Nu har jag vunnit EM i Jiu-Jitsu i bl\u00e5tt, lila och brunt b\u00e4lte.\u00a0Kan jag vinna som&hellip;\" \/>\n<meta name=\"twitter:image\" content=\"https:\/\/grapplingbloggen.se\/wp-content\/uploads\/2011\/02\/Mikael_Marffy_European_Open_2011.jpg\" \/>\n<meta name=\"twitter:label1\" content=\"Skriven av\" \/>\n\t<meta name=\"twitter:data1\" content=\"Daniel Rosendahl\" \/>\n\t<meta name=\"twitter:label2\" content=\"Ber\u00e4knad l\u00e4stid\" \/>\n\t<meta name=\"twitter:data2\" content=\"2 minuter\" \/>\n<script type=\"application\/ld+json\" class=\"yoast-schema-graph\">{\"@context\":\"https:\\\/\\\/schema.org\",\"@graph\":[{\"@type\":\"Article\",\"@id\":\"https:\\\/\\\/grapplingbloggen.se\\\/?p=4566#article\",\"isPartOf\":{\"@id\":\"https:\\\/\\\/grapplingbloggen.se\\\/?p=4566\"},\"author\":{\"name\":\"Daniel Rosendahl\",\"@id\":\"https:\\\/\\\/grapplingbloggen.se\\\/#\\\/schema\\\/person\\\/59368c54a5e3f2e3adeea43bc97002c8\"},\"headline\":\"Intervju: Mikael Marffy efter European Open 2011\",\"datePublished\":\"2011-02-07T05:00:17+00:00\",\"dateModified\":\"2011-06-07T10:52:30+00:00\",\"mainEntityOfPage\":{\"@id\":\"https:\\\/\\\/grapplingbloggen.se\\\/?p=4566\"},\"wordCount\":434,\"commentCount\":0,\"publisher\":{\"@id\":\"https:\\\/\\\/grapplingbloggen.se\\\/#organization\"},\"image\":{\"@id\":\"https:\\\/\\\/grapplingbloggen.se\\\/?p=4566#primaryimage\"},\"thumbnailUrl\":\"https:\\\/\\\/grapplingbloggen.se\\\/wp-content\\\/uploads\\\/2011\\\/02\\\/Mikael_Marffy_European_Open_2011-226x300.jpg\",\"keywords\":[\"Mikael Marffy\"],\"articleSection\":[\"Intervjuer\",\"Nyheter\"],\"inLanguage\":\"sv-SE\",\"potentialAction\":[{\"@type\":\"CommentAction\",\"name\":\"Comment\",\"target\":[\"https:\\\/\\\/grapplingbloggen.se\\\/?p=4566#respond\"]}]},{\"@type\":\"WebPage\",\"@id\":\"https:\\\/\\\/grapplingbloggen.se\\\/?p=4566\",\"url\":\"https:\\\/\\\/grapplingbloggen.se\\\/?p=4566\",\"name\":\"Intervju: Mikael Marffy efter European Open 2011 - Grapplingbloggen\",\"isPartOf\":{\"@id\":\"https:\\\/\\\/grapplingbloggen.se\\\/#website\"},\"primaryImageOfPage\":{\"@id\":\"https:\\\/\\\/grapplingbloggen.se\\\/?p=4566#primaryimage\"},\"image\":{\"@id\":\"https:\\\/\\\/grapplingbloggen.se\\\/?p=4566#primaryimage\"},\"thumbnailUrl\":\"https:\\\/\\\/grapplingbloggen.se\\\/wp-content\\\/uploads\\\/2011\\\/02\\\/Mikael_Marffy_European_Open_2011-226x300.jpg\",\"datePublished\":\"2011-02-07T05:00:17+00:00\",\"dateModified\":\"2011-06-07T10:52:30+00:00\",\"breadcrumb\":{\"@id\":\"https:\\\/\\\/grapplingbloggen.se\\\/?p=4566#breadcrumb\"},\"inLanguage\":\"sv-SE\",\"potentialAction\":[{\"@type\":\"ReadAction\",\"target\":[\"https:\\\/\\\/grapplingbloggen.se\\\/?p=4566\"]}]},{\"@type\":\"ImageObject\",\"inLanguage\":\"sv-SE\",\"@id\":\"https:\\\/\\\/grapplingbloggen.se\\\/?p=4566#primaryimage\",\"url\":\"https:\\\/\\\/grapplingbloggen.se\\\/wp-content\\\/uploads\\\/2011\\\/02\\\/Mikael_Marffy_European_Open_2011.jpg\",\"contentUrl\":\"https:\\\/\\\/grapplingbloggen.se\\\/wp-content\\\/uploads\\\/2011\\\/02\\\/Mikael_Marffy_European_Open_2011.jpg\",\"width\":\"317\",\"height\":\"419\"},{\"@type\":\"BreadcrumbList\",\"@id\":\"https:\\\/\\\/grapplingbloggen.se\\\/?p=4566#breadcrumb\",\"itemListElement\":[{\"@type\":\"ListItem\",\"position\":1,\"name\":\"Hem\",\"item\":\"https:\\\/\\\/grapplingbloggen.se\\\/\"},{\"@type\":\"ListItem\",\"position\":2,\"name\":\"Intervju: Mikael Marffy efter European Open 2011\"}]},{\"@type\":\"WebSite\",\"@id\":\"https:\\\/\\\/grapplingbloggen.se\\\/#website\",\"url\":\"https:\\\/\\\/grapplingbloggen.se\\\/\",\"name\":\"Grapplingbloggen\",\"description\":\"\",\"publisher\":{\"@id\":\"https:\\\/\\\/grapplingbloggen.se\\\/#organization\"},\"potentialAction\":[{\"@type\":\"SearchAction\",\"target\":{\"@type\":\"EntryPoint\",\"urlTemplate\":\"https:\\\/\\\/grapplingbloggen.se\\\/?s={search_term_string}\"},\"query-input\":{\"@type\":\"PropertyValueSpecification\",\"valueRequired\":true,\"valueName\":\"search_term_string\"}}],\"inLanguage\":\"sv-SE\"},{\"@type\":\"Organization\",\"@id\":\"https:\\\/\\\/grapplingbloggen.se\\\/#organization\",\"name\":\"Grapplingbloggen\",\"url\":\"https:\\\/\\\/grapplingbloggen.se\\\/\",\"logo\":{\"@type\":\"ImageObject\",\"inLanguage\":\"sv-SE\",\"@id\":\"https:\\\/\\\/grapplingbloggen.se\\\/#\\\/schema\\\/logo\\\/image\\\/\",\"url\":\"https:\\\/\\\/grapplingbloggen.se\\\/wp-content\\\/uploads\\\/2017\\\/04\\\/cropped-grapplingbloggen-logo-2017-v2.png\",\"contentUrl\":\"https:\\\/\\\/grapplingbloggen.se\\\/wp-content\\\/uploads\\\/2017\\\/04\\\/cropped-grapplingbloggen-logo-2017-v2.png\",\"width\":570,\"height\":110,\"caption\":\"Grapplingbloggen\"},\"image\":{\"@id\":\"https:\\\/\\\/grapplingbloggen.se\\\/#\\\/schema\\\/logo\\\/image\\\/\"}},{\"@type\":\"Person\",\"@id\":\"https:\\\/\\\/grapplingbloggen.se\\\/#\\\/schema\\\/person\\\/59368c54a5e3f2e3adeea43bc97002c8\",\"name\":\"Daniel Rosendahl\",\"image\":{\"@type\":\"ImageObject\",\"inLanguage\":\"sv-SE\",\"@id\":\"https:\\\/\\\/secure.gravatar.com\\\/avatar\\\/f36e29660179c24c3ea92d445a4ada0dff0ce23106cf47712832fbc16628fdf0?s=96&d=mm&r=g\",\"url\":\"https:\\\/\\\/secure.gravatar.com\\\/avatar\\\/f36e29660179c24c3ea92d445a4ada0dff0ce23106cf47712832fbc16628fdf0?s=96&d=mm&r=g\",\"contentUrl\":\"https:\\\/\\\/secure.gravatar.com\\\/avatar\\\/f36e29660179c24c3ea92d445a4ada0dff0ce23106cf47712832fbc16628fdf0?s=96&d=mm&r=g\",\"caption\":\"Daniel Rosendahl\"},\"description\":\"Startade och driver GrapplingBloggen sen 2009.\",\"sameAs\":[\"https:\\\/\\\/grapplingbloggen.se\"],\"url\":\"https:\\\/\\\/grapplingbloggen.se\\\/?author=2\"}]}<\/script>\n<!-- \/ Yoast SEO plugin. -->","yoast_head_json":{"title":"Intervju: Mikael Marffy efter European Open 2011 - Grapplingbloggen","robots":{"index":"index","follow":"follow","max-snippet":"max-snippet:-1","max-image-preview":"max-image-preview:large","max-video-preview":"max-video-preview:-1"},"canonical":"https:\/\/grapplingbloggen.se\/?p=4566","twitter_card":"summary_large_image","twitter_title":"Intervju: Mikael Marffy efter European Open 2011 - Grapplingbloggen","twitter_description":"Mikaels guldmedalj fr\u00e5n brown belt master open. I en tidigare intervju n\u00e4mnde du att ett av dina m\u00e5l var att vinna European Open som brunb\u00e4lte, hur k\u00e4nns det nu n\u00e4r det m\u00e5let \u00e4r uppn\u00e5tt? Jag \u00e4r sj\u00e4lvklart v\u00e4ldigt glad. Nu har jag vunnit EM i Jiu-Jitsu i bl\u00e5tt, lila och brunt b\u00e4lte.\u00a0Kan jag vinna som&hellip;","twitter_image":"https:\/\/grapplingbloggen.se\/wp-content\/uploads\/2011\/02\/Mikael_Marffy_European_Open_2011.jpg","twitter_misc":{"Skriven av":"Daniel Rosendahl","Ber\u00e4knad l\u00e4stid":"2 minuter"},"schema":{"@context":"https:\/\/schema.org","@graph":[{"@type":"Article","@id":"https:\/\/grapplingbloggen.se\/?p=4566#article","isPartOf":{"@id":"https:\/\/grapplingbloggen.se\/?p=4566"},"author":{"name":"Daniel Rosendahl","@id":"https:\/\/grapplingbloggen.se\/#\/schema\/person\/59368c54a5e3f2e3adeea43bc97002c8"},"headline":"Intervju: Mikael Marffy efter European Open 2011","datePublished":"2011-02-07T05:00:17+00:00","dateModified":"2011-06-07T10:52:30+00:00","mainEntityOfPage":{"@id":"https:\/\/grapplingbloggen.se\/?p=4566"},"wordCount":434,"commentCount":0,"publisher":{"@id":"https:\/\/grapplingbloggen.se\/#organization"},"image":{"@id":"https:\/\/grapplingbloggen.se\/?p=4566#primaryimage"},"thumbnailUrl":"https:\/\/grapplingbloggen.se\/wp-content\/uploads\/2011\/02\/Mikael_Marffy_European_Open_2011-226x300.jpg","keywords":["Mikael Marffy"],"articleSection":["Intervjuer","Nyheter"],"inLanguage":"sv-SE","potentialAction":[{"@type":"CommentAction","name":"Comment","target":["https:\/\/grapplingbloggen.se\/?p=4566#respond"]}]},{"@type":"WebPage","@id":"https:\/\/grapplingbloggen.se\/?p=4566","url":"https:\/\/grapplingbloggen.se\/?p=4566","name":"Intervju: Mikael Marffy efter European Open 2011 - Grapplingbloggen","isPartOf":{"@id":"https:\/\/grapplingbloggen.se\/#website"},"primaryImageOfPage":{"@id":"https:\/\/grapplingbloggen.se\/?p=4566#primaryimage"},"image":{"@id":"https:\/\/grapplingbloggen.se\/?p=4566#primaryimage"},"thumbnailUrl":"https:\/\/grapplingbloggen.se\/wp-content\/uploads\/2011\/02\/Mikael_Marffy_European_Open_2011-226x300.jpg","datePublished":"2011-02-07T05:00:17+00:00","dateModified":"2011-06-07T10:52:30+00:00","breadcrumb":{"@id":"https:\/\/grapplingbloggen.se\/?p=4566#breadcrumb"},"inLanguage":"sv-SE","potentialAction":[{"@type":"ReadAction","target":["https:\/\/grapplingbloggen.se\/?p=4566"]}]},{"@type":"ImageObject","inLanguage":"sv-SE","@id":"https:\/\/grapplingbloggen.se\/?p=4566#primaryimage","url":"https:\/\/grapplingbloggen.se\/wp-content\/uploads\/2011\/02\/Mikael_Marffy_European_Open_2011.jpg","contentUrl":"https:\/\/grapplingbloggen.se\/wp-content\/uploads\/2011\/02\/Mikael_Marffy_European_Open_2011.jpg","width":"317","height":"419"},{"@type":"BreadcrumbList","@id":"https:\/\/grapplingbloggen.se\/?p=4566#breadcrumb","itemListElement":[{"@type":"ListItem","position":1,"name":"Hem","item":"https:\/\/grapplingbloggen.se\/"},{"@type":"ListItem","position":2,"name":"Intervju: Mikael Marffy efter European Open 2011"}]},{"@type":"WebSite","@id":"https:\/\/grapplingbloggen.se\/#website","url":"https:\/\/grapplingbloggen.se\/","name":"Grapplingbloggen","description":"","publisher":{"@id":"https:\/\/grapplingbloggen.se\/#organization"},"potentialAction":[{"@type":"SearchAction","target":{"@type":"EntryPoint","urlTemplate":"https:\/\/grapplingbloggen.se\/?s={search_term_string}"},"query-input":{"@type":"PropertyValueSpecification","valueRequired":true,"valueName":"search_term_string"}}],"inLanguage":"sv-SE"},{"@type":"Organization","@id":"https:\/\/grapplingbloggen.se\/#organization","name":"Grapplingbloggen","url":"https:\/\/grapplingbloggen.se\/","logo":{"@type":"ImageObject","inLanguage":"sv-SE","@id":"https:\/\/grapplingbloggen.se\/#\/schema\/logo\/image\/","url":"https:\/\/grapplingbloggen.se\/wp-content\/uploads\/2017\/04\/cropped-grapplingbloggen-logo-2017-v2.png","contentUrl":"https:\/\/grapplingbloggen.se\/wp-content\/uploads\/2017\/04\/cropped-grapplingbloggen-logo-2017-v2.png","width":570,"height":110,"caption":"Grapplingbloggen"},"image":{"@id":"https:\/\/grapplingbloggen.se\/#\/schema\/logo\/image\/"}},{"@type":"Person","@id":"https:\/\/grapplingbloggen.se\/#\/schema\/person\/59368c54a5e3f2e3adeea43bc97002c8","name":"Daniel Rosendahl","image":{"@type":"ImageObject","inLanguage":"sv-SE","@id":"https:\/\/secure.gravatar.com\/avatar\/f36e29660179c24c3ea92d445a4ada0dff0ce23106cf47712832fbc16628fdf0?s=96&d=mm&r=g","url":"https:\/\/secure.gravatar.com\/avatar\/f36e29660179c24c3ea92d445a4ada0dff0ce23106cf47712832fbc16628fdf0?s=96&d=mm&r=g","contentUrl":"https:\/\/secure.gravatar.com\/avatar\/f36e29660179c24c3ea92d445a4ada0dff0ce23106cf47712832fbc16628fdf0?s=96&d=mm&r=g","caption":"Daniel Rosendahl"},"description":"Startade och driver GrapplingBloggen sen 2009.","sameAs":["https:\/\/grapplingbloggen.se"],"url":"https:\/\/grapplingbloggen.se\/?author=2"}]}},"_links":{"self":[{"href":"https:\/\/grapplingbloggen.se\/index.php?rest_route=\/wp\/v2\/posts\/4566","targetHints":{"allow":["GET"]}}],"collection":[{"href":"https:\/\/grapplingbloggen.se\/index.php?rest_route=\/wp\/v2\/posts"}],"about":[{"href":"https:\/\/grapplingbloggen.se\/index.php?rest_route=\/wp\/v2\/types\/post"}],"author":[{"embeddable":true,"href":"https:\/\/grapplingbloggen.se\/index.php?rest_route=\/wp\/v2\/users\/2"}],"replies":[{"embeddable":true,"href":"https:\/\/grapplingbloggen.se\/index.php?rest_route=%2Fwp%2Fv2%2Fcomments&post=4566"}],"version-history":[{"count":0,"href":"https:\/\/grapplingbloggen.se\/index.php?rest_route=\/wp\/v2\/posts\/4566\/revisions"}],"wp:attachment":[{"href":"https:\/\/grapplingbloggen.se\/index.php?rest_route=%2Fwp%2Fv2%2Fmedia&parent=4566"}],"wp:term":[{"taxonomy":"category","embeddable":true,"href":"https:\/\/grapplingbloggen.se\/index.php?rest_route=%2Fwp%2Fv2%2Fcategories&post=4566"},{"taxonomy":"post_tag","embeddable":true,"href":"https:\/\/grapplingbloggen.se\/index.php?rest_route=%2Fwp%2Fv2%2Ftags&post=4566"}],"curies":[{"name":"wp","href":"https:\/\/api.w.org\/{rel}","templated":true}]}}