{"id":738,"date":"2009-09-24T22:10:08","date_gmt":"2009-09-24T20:10:08","guid":{"rendered":"https:\/\/grapplingbloggen.se\/?p=738"},"modified":"2011-06-07T11:36:16","modified_gmt":"2011-06-07T10:36:16","slug":"intervju-ilir-latifi","status":"publish","type":"post","link":"https:\/\/grapplingbloggen.se\/?p=738","title":{"rendered":"Intervju: Ilir Latifi"},"content":{"rendered":"<p>Ilir Latifi \u00e4r just nu nere i Barcelona och kommer delta i ADCC World Championship som g\u00e5r av stapeln nu i helgen. Vill passa p\u00e5 att tacka Ilir att jag fick intervjun med s\u00e5 kort varsel och \u00f6nskar honom all lycka till!<\/p>\n<p><img loading=\"lazy\" decoding=\"async\" class=\"alignnone size-full wp-image-742\" title=\"IlirLatifi2\" src=\"https:\/\/grapplingbloggen.se\/wp-content\/uploads\/2009\/09\/IlirLatifi2.jpg\" alt=\"IlirLatifi2\" width=\"200\" height=\"186\" \/><\/p>\n<p><strong>Hur k\u00e4nns det att bli uttagen till ADCC 2009?<\/strong><br \/>\nDet \u00e4r kul att vara h\u00e4r och f\u00e5 delta p\u00e5 ADCC. Det \u00e4r ju det absolut st\u00f6rsta inom grappling.\u00a0F\u00f6rra g\u00e5ngen jag var med i ADCC var i Brasilien och det var en upplevelse som jag inte gl\u00f6mmer. Jag fick reda p\u00e5 att jag fick en plats f\u00f6r 10 dagar sen.<\/p>\n<p><strong>Hur fick du veta att du hade f\u00e5tt ett wild card?<\/strong><br \/>\nHade precis kommit hem fr\u00e5n en veckas rehabtr\u00e4ning i Danmark. D\u00e5 fick jag ett samtal fr\u00e5n Omar om jag ville vara med i ADCC och jag tackade ja direkt.<br \/>\n<!--more--><\/p>\n<p><strong>Vad f\u00f6rv\u00e4ntar du dig av turneringen?<\/strong><br \/>\nUtifr\u00e5n mina f\u00f6ruts\u00e4ttningar, att prestera bra. Jag kommer t\u00e4vla emot v\u00e4rldens b\u00e4sta grapplers alla kategorier. Jag vet att jag kan ge\u00a0alla dessa en match, men det blir tufft&#8230;<\/p>\n<p><strong>Vem kommer att coacha dig?<\/strong><br \/>\nMin Bror Arben Latifi.<\/p>\n<p><strong>Hur har tr\u00e4ningen senaste tiden sett ut f\u00f6r dig?<\/strong><br \/>\nP\u00e5 den korta tid jag haft att f\u00f6rbereda mig s\u00e5 valde jag att fokuserat p\u00e5 situationstr\u00e4ning.<\/p>\n<p><strong>Hur kommer du f\u00f6rbereda dig mentalt inf\u00f6r turneringen?<\/strong><br \/>\nJag f\u00f6rbereder mig som vanligt. Fokuserar och t\u00e4nker igenom min game plan. Jag har ju varit med tidigare s\u00e5 jag vet k\u00e4nslan av att var d\u00e4r. Men i slut\u00e4nden \u00e4r det bara att k\u00f6ra p\u00e5 som p\u00e5 vilken t\u00e4vling som helst.<\/p>\n<p><strong>Vilka delar av ditt game kommer att vara dina fr\u00e4msta f\u00f6rdelar f\u00f6r att g\u00e5 l\u00e5ngt i turneringen?<\/strong><br \/>\nF\u00f6rmodligen nedtagningar.<\/p>\n<p><strong>Vem\/vilka anser du vara dina tuffaste motst\u00e5ndare i -98,9kg klassen?<\/strong><br \/>\nAlla \u00e4r tuffa. Jag ser inte n\u00e5gon som tuffare och alla har grymma meriter.<\/p>\n<p><strong>Vem vill du se dig m\u00f6ta i finalen?<\/strong><br \/>\nHan jag f\u00f6rlorade mot sist, Dean Lister.<\/p>\n<p><strong>Kan du ber\u00e4tta lite om din idrottsbakgrund?<\/strong><br \/>\nH\u00f6ll p\u00e5 med brottning fr\u00e5n n\u00e4r jag var 6 \u00e5r tills jag var 24 \u00e5r. Grappling b\u00f6rjade jag med f\u00f6rsta g\u00e5ngen 2003 d\u00e5 jag vann europeiska uttagningarna till ADCC. B\u00f6rjade med MMA f\u00f6r tv\u00e5 \u00e5r sen.<\/p>\n<p><strong>Vad har du f\u00f6r planer efter ADCC?<\/strong><br \/>\nFlera MMA matcher \u00e4r p\u00e5 g\u00e5ng.<\/p>\n<p><strong>Vad har du f\u00f6r favorit l\u00e5s\/strypning?<\/strong><br \/>\nFlying Armbar.<\/p>\n","protected":false},"excerpt":{"rendered":"<p>Ilir Latifi \u00e4r just nu nere i Barcelona och kommer delta i ADCC World Championship som g\u00e5r av stapeln nu i helgen. Vill passa p\u00e5 att tacka Ilir att jag fick intervjun med s\u00e5 kort varsel och \u00f6nskar honom all lycka till! Hur k\u00e4nns det att bli uttagen till ADCC 2009? Det \u00e4r kul att&hellip;<\/p>\n","protected":false},"author":2,"featured_media":0,"comment_status":"open","ping_status":"closed","sticky":false,"template":"","format":"standard","meta":{"footnotes":""},"categories":[13,18,197],"tags":[16,62],"class_list":{"0":"post-738","1":"post","2":"type-post","3":"status-publish","4":"format-standard","6":"category-adcc","7":"category-intervjuer","8":"category-nyheter","9":"tag-adcc-2009","10":"tag-ilir-latifi","11":"wrapper-post entry","12":"no-post-thumbnail","13":"wrapper-post-text"},"yoast_head":"<!-- This site is optimized with the Yoast SEO plugin v27.4 - https:\/\/yoast.com\/product\/yoast-seo-wordpress\/ -->\n<title>Intervju: Ilir Latifi - Grapplingbloggen<\/title>\n<meta name=\"robots\" content=\"index, follow, max-snippet:-1, max-image-preview:large, max-video-preview:-1\" \/>\n<link rel=\"canonical\" href=\"https:\/\/grapplingbloggen.se\/?p=738\" \/>\n<meta name=\"twitter:card\" content=\"summary_large_image\" \/>\n<meta name=\"twitter:title\" content=\"Intervju: Ilir Latifi - Grapplingbloggen\" \/>\n<meta name=\"twitter:description\" content=\"Ilir Latifi \u00e4r just nu nere i Barcelona och kommer delta i ADCC World Championship som g\u00e5r av stapeln nu i helgen. Vill passa p\u00e5 att tacka Ilir att jag fick intervjun med s\u00e5 kort varsel och \u00f6nskar honom all lycka till! Hur k\u00e4nns det att bli uttagen till ADCC 2009? Det \u00e4r kul att&hellip;\" \/>\n<meta name=\"twitter:image\" content=\"https:\/\/grapplingbloggen.se\/wp-content\/uploads\/2009\/09\/IlirLatifi2.jpg\" \/>\n<meta name=\"twitter:label1\" content=\"Skriven av\" \/>\n\t<meta name=\"twitter:data1\" content=\"Daniel Rosendahl\" \/>\n\t<meta name=\"twitter:label2\" content=\"Ber\u00e4knad l\u00e4stid\" \/>\n\t<meta name=\"twitter:data2\" content=\"2 minuter\" \/>\n<script type=\"application\/ld+json\" class=\"yoast-schema-graph\">{\"@context\":\"https:\\\/\\\/schema.org\",\"@graph\":[{\"@type\":\"Article\",\"@id\":\"https:\\\/\\\/grapplingbloggen.se\\\/?p=738#article\",\"isPartOf\":{\"@id\":\"https:\\\/\\\/grapplingbloggen.se\\\/?p=738\"},\"author\":{\"name\":\"Daniel Rosendahl\",\"@id\":\"https:\\\/\\\/grapplingbloggen.se\\\/#\\\/schema\\\/person\\\/59368c54a5e3f2e3adeea43bc97002c8\"},\"headline\":\"Intervju: Ilir Latifi\",\"datePublished\":\"2009-09-24T20:10:08+00:00\",\"dateModified\":\"2011-06-07T10:36:16+00:00\",\"mainEntityOfPage\":{\"@id\":\"https:\\\/\\\/grapplingbloggen.se\\\/?p=738\"},\"wordCount\":438,\"commentCount\":0,\"publisher\":{\"@id\":\"https:\\\/\\\/grapplingbloggen.se\\\/#organization\"},\"image\":{\"@id\":\"https:\\\/\\\/grapplingbloggen.se\\\/?p=738#primaryimage\"},\"thumbnailUrl\":\"https:\\\/\\\/grapplingbloggen.se\\\/wp-content\\\/uploads\\\/2009\\\/09\\\/IlirLatifi2.jpg\",\"keywords\":[\"ADCC\",\"Ilir Latifi\"],\"articleSection\":[\"ADCC\",\"Intervjuer\",\"Nyheter\"],\"inLanguage\":\"sv-SE\",\"potentialAction\":[{\"@type\":\"CommentAction\",\"name\":\"Comment\",\"target\":[\"https:\\\/\\\/grapplingbloggen.se\\\/?p=738#respond\"]}]},{\"@type\":\"WebPage\",\"@id\":\"https:\\\/\\\/grapplingbloggen.se\\\/?p=738\",\"url\":\"https:\\\/\\\/grapplingbloggen.se\\\/?p=738\",\"name\":\"Intervju: Ilir Latifi - Grapplingbloggen\",\"isPartOf\":{\"@id\":\"https:\\\/\\\/grapplingbloggen.se\\\/#website\"},\"primaryImageOfPage\":{\"@id\":\"https:\\\/\\\/grapplingbloggen.se\\\/?p=738#primaryimage\"},\"image\":{\"@id\":\"https:\\\/\\\/grapplingbloggen.se\\\/?p=738#primaryimage\"},\"thumbnailUrl\":\"https:\\\/\\\/grapplingbloggen.se\\\/wp-content\\\/uploads\\\/2009\\\/09\\\/IlirLatifi2.jpg\",\"datePublished\":\"2009-09-24T20:10:08+00:00\",\"dateModified\":\"2011-06-07T10:36:16+00:00\",\"breadcrumb\":{\"@id\":\"https:\\\/\\\/grapplingbloggen.se\\\/?p=738#breadcrumb\"},\"inLanguage\":\"sv-SE\",\"potentialAction\":[{\"@type\":\"ReadAction\",\"target\":[\"https:\\\/\\\/grapplingbloggen.se\\\/?p=738\"]}]},{\"@type\":\"ImageObject\",\"inLanguage\":\"sv-SE\",\"@id\":\"https:\\\/\\\/grapplingbloggen.se\\\/?p=738#primaryimage\",\"url\":\"https:\\\/\\\/grapplingbloggen.se\\\/wp-content\\\/uploads\\\/2009\\\/09\\\/IlirLatifi2.jpg\",\"contentUrl\":\"https:\\\/\\\/grapplingbloggen.se\\\/wp-content\\\/uploads\\\/2009\\\/09\\\/IlirLatifi2.jpg\",\"width\":\"200\",\"height\":\"186\"},{\"@type\":\"BreadcrumbList\",\"@id\":\"https:\\\/\\\/grapplingbloggen.se\\\/?p=738#breadcrumb\",\"itemListElement\":[{\"@type\":\"ListItem\",\"position\":1,\"name\":\"Hem\",\"item\":\"https:\\\/\\\/grapplingbloggen.se\\\/\"},{\"@type\":\"ListItem\",\"position\":2,\"name\":\"Intervju: Ilir Latifi\"}]},{\"@type\":\"WebSite\",\"@id\":\"https:\\\/\\\/grapplingbloggen.se\\\/#website\",\"url\":\"https:\\\/\\\/grapplingbloggen.se\\\/\",\"name\":\"Grapplingbloggen\",\"description\":\"\",\"publisher\":{\"@id\":\"https:\\\/\\\/grapplingbloggen.se\\\/#organization\"},\"potentialAction\":[{\"@type\":\"SearchAction\",\"target\":{\"@type\":\"EntryPoint\",\"urlTemplate\":\"https:\\\/\\\/grapplingbloggen.se\\\/?s={search_term_string}\"},\"query-input\":{\"@type\":\"PropertyValueSpecification\",\"valueRequired\":true,\"valueName\":\"search_term_string\"}}],\"inLanguage\":\"sv-SE\"},{\"@type\":\"Organization\",\"@id\":\"https:\\\/\\\/grapplingbloggen.se\\\/#organization\",\"name\":\"Grapplingbloggen\",\"url\":\"https:\\\/\\\/grapplingbloggen.se\\\/\",\"logo\":{\"@type\":\"ImageObject\",\"inLanguage\":\"sv-SE\",\"@id\":\"https:\\\/\\\/grapplingbloggen.se\\\/#\\\/schema\\\/logo\\\/image\\\/\",\"url\":\"https:\\\/\\\/grapplingbloggen.se\\\/wp-content\\\/uploads\\\/2017\\\/04\\\/cropped-grapplingbloggen-logo-2017-v2.png\",\"contentUrl\":\"https:\\\/\\\/grapplingbloggen.se\\\/wp-content\\\/uploads\\\/2017\\\/04\\\/cropped-grapplingbloggen-logo-2017-v2.png\",\"width\":570,\"height\":110,\"caption\":\"Grapplingbloggen\"},\"image\":{\"@id\":\"https:\\\/\\\/grapplingbloggen.se\\\/#\\\/schema\\\/logo\\\/image\\\/\"}},{\"@type\":\"Person\",\"@id\":\"https:\\\/\\\/grapplingbloggen.se\\\/#\\\/schema\\\/person\\\/59368c54a5e3f2e3adeea43bc97002c8\",\"name\":\"Daniel Rosendahl\",\"image\":{\"@type\":\"ImageObject\",\"inLanguage\":\"sv-SE\",\"@id\":\"https:\\\/\\\/secure.gravatar.com\\\/avatar\\\/f36e29660179c24c3ea92d445a4ada0dff0ce23106cf47712832fbc16628fdf0?s=96&d=mm&r=g\",\"url\":\"https:\\\/\\\/secure.gravatar.com\\\/avatar\\\/f36e29660179c24c3ea92d445a4ada0dff0ce23106cf47712832fbc16628fdf0?s=96&d=mm&r=g\",\"contentUrl\":\"https:\\\/\\\/secure.gravatar.com\\\/avatar\\\/f36e29660179c24c3ea92d445a4ada0dff0ce23106cf47712832fbc16628fdf0?s=96&d=mm&r=g\",\"caption\":\"Daniel Rosendahl\"},\"description\":\"Startade och driver GrapplingBloggen sen 2009.\",\"sameAs\":[\"https:\\\/\\\/grapplingbloggen.se\"],\"url\":\"https:\\\/\\\/grapplingbloggen.se\\\/?author=2\"}]}<\/script>\n<!-- \/ Yoast SEO plugin. -->","yoast_head_json":{"title":"Intervju: Ilir Latifi - Grapplingbloggen","robots":{"index":"index","follow":"follow","max-snippet":"max-snippet:-1","max-image-preview":"max-image-preview:large","max-video-preview":"max-video-preview:-1"},"canonical":"https:\/\/grapplingbloggen.se\/?p=738","twitter_card":"summary_large_image","twitter_title":"Intervju: Ilir Latifi - Grapplingbloggen","twitter_description":"Ilir Latifi \u00e4r just nu nere i Barcelona och kommer delta i ADCC World Championship som g\u00e5r av stapeln nu i helgen. Vill passa p\u00e5 att tacka Ilir att jag fick intervjun med s\u00e5 kort varsel och \u00f6nskar honom all lycka till! Hur k\u00e4nns det att bli uttagen till ADCC 2009? Det \u00e4r kul att&hellip;","twitter_image":"https:\/\/grapplingbloggen.se\/wp-content\/uploads\/2009\/09\/IlirLatifi2.jpg","twitter_misc":{"Skriven av":"Daniel Rosendahl","Ber\u00e4knad l\u00e4stid":"2 minuter"},"schema":{"@context":"https:\/\/schema.org","@graph":[{"@type":"Article","@id":"https:\/\/grapplingbloggen.se\/?p=738#article","isPartOf":{"@id":"https:\/\/grapplingbloggen.se\/?p=738"},"author":{"name":"Daniel Rosendahl","@id":"https:\/\/grapplingbloggen.se\/#\/schema\/person\/59368c54a5e3f2e3adeea43bc97002c8"},"headline":"Intervju: Ilir Latifi","datePublished":"2009-09-24T20:10:08+00:00","dateModified":"2011-06-07T10:36:16+00:00","mainEntityOfPage":{"@id":"https:\/\/grapplingbloggen.se\/?p=738"},"wordCount":438,"commentCount":0,"publisher":{"@id":"https:\/\/grapplingbloggen.se\/#organization"},"image":{"@id":"https:\/\/grapplingbloggen.se\/?p=738#primaryimage"},"thumbnailUrl":"https:\/\/grapplingbloggen.se\/wp-content\/uploads\/2009\/09\/IlirLatifi2.jpg","keywords":["ADCC","Ilir Latifi"],"articleSection":["ADCC","Intervjuer","Nyheter"],"inLanguage":"sv-SE","potentialAction":[{"@type":"CommentAction","name":"Comment","target":["https:\/\/grapplingbloggen.se\/?p=738#respond"]}]},{"@type":"WebPage","@id":"https:\/\/grapplingbloggen.se\/?p=738","url":"https:\/\/grapplingbloggen.se\/?p=738","name":"Intervju: Ilir Latifi - Grapplingbloggen","isPartOf":{"@id":"https:\/\/grapplingbloggen.se\/#website"},"primaryImageOfPage":{"@id":"https:\/\/grapplingbloggen.se\/?p=738#primaryimage"},"image":{"@id":"https:\/\/grapplingbloggen.se\/?p=738#primaryimage"},"thumbnailUrl":"https:\/\/grapplingbloggen.se\/wp-content\/uploads\/2009\/09\/IlirLatifi2.jpg","datePublished":"2009-09-24T20:10:08+00:00","dateModified":"2011-06-07T10:36:16+00:00","breadcrumb":{"@id":"https:\/\/grapplingbloggen.se\/?p=738#breadcrumb"},"inLanguage":"sv-SE","potentialAction":[{"@type":"ReadAction","target":["https:\/\/grapplingbloggen.se\/?p=738"]}]},{"@type":"ImageObject","inLanguage":"sv-SE","@id":"https:\/\/grapplingbloggen.se\/?p=738#primaryimage","url":"https:\/\/grapplingbloggen.se\/wp-content\/uploads\/2009\/09\/IlirLatifi2.jpg","contentUrl":"https:\/\/grapplingbloggen.se\/wp-content\/uploads\/2009\/09\/IlirLatifi2.jpg","width":"200","height":"186"},{"@type":"BreadcrumbList","@id":"https:\/\/grapplingbloggen.se\/?p=738#breadcrumb","itemListElement":[{"@type":"ListItem","position":1,"name":"Hem","item":"https:\/\/grapplingbloggen.se\/"},{"@type":"ListItem","position":2,"name":"Intervju: Ilir Latifi"}]},{"@type":"WebSite","@id":"https:\/\/grapplingbloggen.se\/#website","url":"https:\/\/grapplingbloggen.se\/","name":"Grapplingbloggen","description":"","publisher":{"@id":"https:\/\/grapplingbloggen.se\/#organization"},"potentialAction":[{"@type":"SearchAction","target":{"@type":"EntryPoint","urlTemplate":"https:\/\/grapplingbloggen.se\/?s={search_term_string}"},"query-input":{"@type":"PropertyValueSpecification","valueRequired":true,"valueName":"search_term_string"}}],"inLanguage":"sv-SE"},{"@type":"Organization","@id":"https:\/\/grapplingbloggen.se\/#organization","name":"Grapplingbloggen","url":"https:\/\/grapplingbloggen.se\/","logo":{"@type":"ImageObject","inLanguage":"sv-SE","@id":"https:\/\/grapplingbloggen.se\/#\/schema\/logo\/image\/","url":"https:\/\/grapplingbloggen.se\/wp-content\/uploads\/2017\/04\/cropped-grapplingbloggen-logo-2017-v2.png","contentUrl":"https:\/\/grapplingbloggen.se\/wp-content\/uploads\/2017\/04\/cropped-grapplingbloggen-logo-2017-v2.png","width":570,"height":110,"caption":"Grapplingbloggen"},"image":{"@id":"https:\/\/grapplingbloggen.se\/#\/schema\/logo\/image\/"}},{"@type":"Person","@id":"https:\/\/grapplingbloggen.se\/#\/schema\/person\/59368c54a5e3f2e3adeea43bc97002c8","name":"Daniel Rosendahl","image":{"@type":"ImageObject","inLanguage":"sv-SE","@id":"https:\/\/secure.gravatar.com\/avatar\/f36e29660179c24c3ea92d445a4ada0dff0ce23106cf47712832fbc16628fdf0?s=96&d=mm&r=g","url":"https:\/\/secure.gravatar.com\/avatar\/f36e29660179c24c3ea92d445a4ada0dff0ce23106cf47712832fbc16628fdf0?s=96&d=mm&r=g","contentUrl":"https:\/\/secure.gravatar.com\/avatar\/f36e29660179c24c3ea92d445a4ada0dff0ce23106cf47712832fbc16628fdf0?s=96&d=mm&r=g","caption":"Daniel Rosendahl"},"description":"Startade och driver GrapplingBloggen sen 2009.","sameAs":["https:\/\/grapplingbloggen.se"],"url":"https:\/\/grapplingbloggen.se\/?author=2"}]}},"_links":{"self":[{"href":"https:\/\/grapplingbloggen.se\/index.php?rest_route=\/wp\/v2\/posts\/738","targetHints":{"allow":["GET"]}}],"collection":[{"href":"https:\/\/grapplingbloggen.se\/index.php?rest_route=\/wp\/v2\/posts"}],"about":[{"href":"https:\/\/grapplingbloggen.se\/index.php?rest_route=\/wp\/v2\/types\/post"}],"author":[{"embeddable":true,"href":"https:\/\/grapplingbloggen.se\/index.php?rest_route=\/wp\/v2\/users\/2"}],"replies":[{"embeddable":true,"href":"https:\/\/grapplingbloggen.se\/index.php?rest_route=%2Fwp%2Fv2%2Fcomments&post=738"}],"version-history":[{"count":0,"href":"https:\/\/grapplingbloggen.se\/index.php?rest_route=\/wp\/v2\/posts\/738\/revisions"}],"wp:attachment":[{"href":"https:\/\/grapplingbloggen.se\/index.php?rest_route=%2Fwp%2Fv2%2Fmedia&parent=738"}],"wp:term":[{"taxonomy":"category","embeddable":true,"href":"https:\/\/grapplingbloggen.se\/index.php?rest_route=%2Fwp%2Fv2%2Fcategories&post=738"},{"taxonomy":"post_tag","embeddable":true,"href":"https:\/\/grapplingbloggen.se\/index.php?rest_route=%2Fwp%2Fv2%2Ftags&post=738"}],"curies":[{"name":"wp","href":"https:\/\/api.w.org\/{rel}","templated":true}]}}