{"id":9771,"date":"2012-03-02T07:52:20","date_gmt":"2012-03-02T06:52:20","guid":{"rendered":"https:\/\/grapplingbloggen.se\/?p=9771"},"modified":"2012-03-02T08:01:18","modified_gmt":"2012-03-02T07:01:18","slug":"intervju-leticia-ribeiro","status":"publish","type":"post","link":"https:\/\/grapplingbloggen.se\/?p=9771","title":{"rendered":"Intervju: Leticia Ribeiro"},"content":{"rendered":"<p><img loading=\"lazy\" decoding=\"async\" class=\"alignnone\" src=\"http:\/\/farm7.staticflickr.com\/6027\/5957174702_132838eafe.jpg\" alt=\"\" width=\"333\" height=\"500\" \/><\/p>\n<p>Leticia Ribeiro kommer att vara instukt\u00f6r p\u00e5 Girls Only l\u00e4gret som \u00e4r den 2-4 mars 2012.<\/p>\n<p><strong>How and when did start training Jiu-Jitsu?<\/strong><strong><br \/>\n<\/strong>It was in 1995 at Gracie Tijuca. I was teenager and I did not like to work out a lot and be at the gym to be &#8221;fit\u201d, like lifting weights. I always preferred to practice sports outdoor, at the beach or in the forest. Then a friend of mine invited me to go to a Jiu-Jitsu class. After my first class I fell in love with Jiu-Jitsu. Training 3 times a day, every day. I started to compete and I never stopped\u2026<strong><\/strong><\/p>\n<p><strong>Can you tell us a bit about your childhood and growing up in Brazil?<\/strong><strong><br \/>\n<\/strong>Brazil is a great country. The people there are so athletic especially in my City, Rio.\u00a0 And as I said before I practiced a lot of sports when I was a kid. I knew that I would be an athlete one day, but I didn\u2019t know in what sport it would be. I\u2019m happy that I chose Jiu-Jitsu. It&#8217;s my life.<strong><\/strong><\/p>\n<p><strong><!--more-->How come you moved from Brazil to San Diego in the US?<\/strong><strong><br \/>\n<\/strong>My first time in USA was in 2001, I think. Since then I started to go every year to compete at the Pan-Ams. In 2007 was the first year that the world championship was in USA. Then I decided to move, because everything was happening there. It was o good choice for my career as a teacher.<strong><\/strong><\/p>\n<p><strong>When and from who did you receive your black belt?<\/strong><strong><br \/>\n<\/strong>I got my black belt in 2000 after my first world championship title. I\u2019m a black belt under Royler Gracie and Vinisius Aieta from Gracie Humaita School.<strong><br \/>\n<\/strong><strong><br \/>\nYou will instruct at Nacka Dojos female camp \u2018Girls Only\u2019 for the second time, <\/strong><strong>what<\/strong><strong> <\/strong><strong>do you think about<\/strong><strong> <\/strong><strong>the camp?<\/strong><br \/>\nYes, it\u2019s my second time at the Girls Only Camp. The camp is great. I can see that many girls have a lot of potential. I\u2019m so excited to teach in Sweden again. I\u2019m so happy to be part of it and to be a motivation for many girls to keep going in the sport that I love.<\/p>\n<p><strong>What are your<\/strong><strong> <\/strong><strong>plans for<\/strong><strong> <\/strong><strong>this camp<\/strong><strong>?<\/strong><br \/>\nI will do my best as always. At this time I\u2019m bringing with me my best student, Beatriz Mesquita and I think it will be so good for the girls to meet her and have the opportunity to train with a champion like her.<\/p>\n<p><strong>What connection do you have to Nacka Dojo?<\/strong><br \/>\nThe first time that I was in Norway, in 2010, I met Maxine Thylin at my seminar. She is a student of Ricard Carneborn, the head coach of Nacka Dojo. Since then, she started to go to San Diego to train with me and the last year they invited me to teach at the camp for the first time.<\/p>\n<p><strong>Do you have Jiu-Jitsu as a full time job?<\/strong><br \/>\nYes I do and I\u2019m so happy that I can do what I love to do all day. It\u2019s a good life&#8230;Thanks God.<\/p>\n<p><strong>Which of your competition achievements do you value the most?<\/strong><br \/>\nAll of them are important, but the world championship is a different feeling, special. It\u2019s always good to win.<\/p>\n<p><strong>Which individual has meant the most to your Jiu-Jitsu?<\/strong><br \/>\nRoyler Gracie is my idol in the sport since I started. I saw when he won all his world titles and it was a good motivation for me to be part of his team and train together in that moment of his career.<\/p>\n<p><strong>What do you think about the development of the Swedish female grapplers?<\/strong><br \/>\nSweden has a big potential in the sport. Not just in Sweden, but Scandinavia in general. There are already many black belts and world champions. I really hope the sport continues to grow. That\u2019s why I\u2019m here too.<\/p>\n<p><strong>You have your own signature gi from Atama, can you tell us how it came about?<\/strong><br \/>\nI got really happy and excited when Atama asked me for that. I think it\u2019s a dream for everyone to have a signature gi. I could never imagine this before. I\u2019m honored to represent a big brand like Atama. The gi is a success of sales and the second edition is coming soon. I hope you girls like it.<br \/>\n<strong><br \/>\nFavorite submission?<\/strong><br \/>\nArmbar, from everywhere.<br \/>\n<strong><br \/>\nAny last words?<\/strong><br \/>\nI just want to say thanks for all motivations messages, for my sponsors Atama Fight Gear and OTM Fight Shop, Nacka Dojo and Grapplingbloggen for the interview.Thanks all!<\/p>\n","protected":false},"excerpt":{"rendered":"<p>Leticia Ribeiro kommer att vara instukt\u00f6r p\u00e5 Girls Only l\u00e4gret som \u00e4r den 2-4 mars 2012. How and when did start training Jiu-Jitsu? It was in 1995 at Gracie Tijuca. I was teenager and I did not like to work out a lot and be at the gym to be &#8221;fit\u201d, like lifting weights. I&hellip;<\/p>\n","protected":false},"author":2,"featured_media":0,"comment_status":"open","ping_status":"closed","sticky":false,"template":"","format":"standard","meta":{"footnotes":""},"categories":[18,197],"tags":[295],"class_list":{"0":"post-9771","1":"post","2":"type-post","3":"status-publish","4":"format-standard","6":"category-intervjuer","7":"category-nyheter","8":"tag-leticia-ribeiro","9":"wrapper-post entry","10":"no-post-thumbnail","11":"wrapper-post-text"},"yoast_head":"<!-- This site is optimized with the Yoast SEO plugin v27.4 - https:\/\/yoast.com\/product\/yoast-seo-wordpress\/ -->\n<title>Intervju: Leticia Ribeiro - Grapplingbloggen<\/title>\n<meta name=\"robots\" content=\"index, follow, max-snippet:-1, max-image-preview:large, max-video-preview:-1\" \/>\n<link rel=\"canonical\" href=\"https:\/\/grapplingbloggen.se\/?p=9771\" \/>\n<meta name=\"twitter:card\" content=\"summary_large_image\" \/>\n<meta name=\"twitter:title\" content=\"Intervju: Leticia Ribeiro - Grapplingbloggen\" \/>\n<meta name=\"twitter:description\" content=\"Leticia Ribeiro kommer att vara instukt\u00f6r p\u00e5 Girls Only l\u00e4gret som \u00e4r den 2-4 mars 2012. How and when did start training Jiu-Jitsu? It was in 1995 at Gracie Tijuca. I was teenager and I did not like to work out a lot and be at the gym to be &#8221;fit\u201d, like lifting weights. I&hellip;\" \/>\n<meta name=\"twitter:image\" content=\"http:\/\/farm7.staticflickr.com\/6027\/5957174702_132838eafe.jpg\" \/>\n<meta name=\"twitter:label1\" content=\"Skriven av\" \/>\n\t<meta name=\"twitter:data1\" content=\"Daniel Rosendahl\" \/>\n\t<meta name=\"twitter:label2\" content=\"Ber\u00e4knad l\u00e4stid\" \/>\n\t<meta name=\"twitter:data2\" content=\"4 minuter\" \/>\n<script type=\"application\/ld+json\" class=\"yoast-schema-graph\">{\"@context\":\"https:\\\/\\\/schema.org\",\"@graph\":[{\"@type\":\"Article\",\"@id\":\"https:\\\/\\\/grapplingbloggen.se\\\/?p=9771#article\",\"isPartOf\":{\"@id\":\"https:\\\/\\\/grapplingbloggen.se\\\/?p=9771\"},\"author\":{\"name\":\"Daniel Rosendahl\",\"@id\":\"https:\\\/\\\/grapplingbloggen.se\\\/#\\\/schema\\\/person\\\/59368c54a5e3f2e3adeea43bc97002c8\"},\"headline\":\"Intervju: Leticia Ribeiro\",\"datePublished\":\"2012-03-02T06:52:20+00:00\",\"dateModified\":\"2012-03-02T07:01:18+00:00\",\"mainEntityOfPage\":{\"@id\":\"https:\\\/\\\/grapplingbloggen.se\\\/?p=9771\"},\"wordCount\":773,\"commentCount\":0,\"publisher\":{\"@id\":\"https:\\\/\\\/grapplingbloggen.se\\\/#organization\"},\"image\":{\"@id\":\"https:\\\/\\\/grapplingbloggen.se\\\/?p=9771#primaryimage\"},\"thumbnailUrl\":\"http:\\\/\\\/farm7.staticflickr.com\\\/6027\\\/5957174702_132838eafe.jpg\",\"keywords\":[\"Leticia Ribeiro\"],\"articleSection\":[\"Intervjuer\",\"Nyheter\"],\"inLanguage\":\"sv-SE\",\"potentialAction\":[{\"@type\":\"CommentAction\",\"name\":\"Comment\",\"target\":[\"https:\\\/\\\/grapplingbloggen.se\\\/?p=9771#respond\"]}]},{\"@type\":\"WebPage\",\"@id\":\"https:\\\/\\\/grapplingbloggen.se\\\/?p=9771\",\"url\":\"https:\\\/\\\/grapplingbloggen.se\\\/?p=9771\",\"name\":\"Intervju: Leticia Ribeiro - Grapplingbloggen\",\"isPartOf\":{\"@id\":\"https:\\\/\\\/grapplingbloggen.se\\\/#website\"},\"primaryImageOfPage\":{\"@id\":\"https:\\\/\\\/grapplingbloggen.se\\\/?p=9771#primaryimage\"},\"image\":{\"@id\":\"https:\\\/\\\/grapplingbloggen.se\\\/?p=9771#primaryimage\"},\"thumbnailUrl\":\"http:\\\/\\\/farm7.staticflickr.com\\\/6027\\\/5957174702_132838eafe.jpg\",\"datePublished\":\"2012-03-02T06:52:20+00:00\",\"dateModified\":\"2012-03-02T07:01:18+00:00\",\"breadcrumb\":{\"@id\":\"https:\\\/\\\/grapplingbloggen.se\\\/?p=9771#breadcrumb\"},\"inLanguage\":\"sv-SE\",\"potentialAction\":[{\"@type\":\"ReadAction\",\"target\":[\"https:\\\/\\\/grapplingbloggen.se\\\/?p=9771\"]}]},{\"@type\":\"ImageObject\",\"inLanguage\":\"sv-SE\",\"@id\":\"https:\\\/\\\/grapplingbloggen.se\\\/?p=9771#primaryimage\",\"url\":\"http:\\\/\\\/farm7.staticflickr.com\\\/6027\\\/5957174702_132838eafe.jpg\",\"contentUrl\":\"http:\\\/\\\/farm7.staticflickr.com\\\/6027\\\/5957174702_132838eafe.jpg\"},{\"@type\":\"BreadcrumbList\",\"@id\":\"https:\\\/\\\/grapplingbloggen.se\\\/?p=9771#breadcrumb\",\"itemListElement\":[{\"@type\":\"ListItem\",\"position\":1,\"name\":\"Hem\",\"item\":\"https:\\\/\\\/grapplingbloggen.se\\\/\"},{\"@type\":\"ListItem\",\"position\":2,\"name\":\"Intervju: Leticia Ribeiro\"}]},{\"@type\":\"WebSite\",\"@id\":\"https:\\\/\\\/grapplingbloggen.se\\\/#website\",\"url\":\"https:\\\/\\\/grapplingbloggen.se\\\/\",\"name\":\"Grapplingbloggen\",\"description\":\"\",\"publisher\":{\"@id\":\"https:\\\/\\\/grapplingbloggen.se\\\/#organization\"},\"potentialAction\":[{\"@type\":\"SearchAction\",\"target\":{\"@type\":\"EntryPoint\",\"urlTemplate\":\"https:\\\/\\\/grapplingbloggen.se\\\/?s={search_term_string}\"},\"query-input\":{\"@type\":\"PropertyValueSpecification\",\"valueRequired\":true,\"valueName\":\"search_term_string\"}}],\"inLanguage\":\"sv-SE\"},{\"@type\":\"Organization\",\"@id\":\"https:\\\/\\\/grapplingbloggen.se\\\/#organization\",\"name\":\"Grapplingbloggen\",\"url\":\"https:\\\/\\\/grapplingbloggen.se\\\/\",\"logo\":{\"@type\":\"ImageObject\",\"inLanguage\":\"sv-SE\",\"@id\":\"https:\\\/\\\/grapplingbloggen.se\\\/#\\\/schema\\\/logo\\\/image\\\/\",\"url\":\"https:\\\/\\\/grapplingbloggen.se\\\/wp-content\\\/uploads\\\/2017\\\/04\\\/cropped-grapplingbloggen-logo-2017-v2.png\",\"contentUrl\":\"https:\\\/\\\/grapplingbloggen.se\\\/wp-content\\\/uploads\\\/2017\\\/04\\\/cropped-grapplingbloggen-logo-2017-v2.png\",\"width\":570,\"height\":110,\"caption\":\"Grapplingbloggen\"},\"image\":{\"@id\":\"https:\\\/\\\/grapplingbloggen.se\\\/#\\\/schema\\\/logo\\\/image\\\/\"}},{\"@type\":\"Person\",\"@id\":\"https:\\\/\\\/grapplingbloggen.se\\\/#\\\/schema\\\/person\\\/59368c54a5e3f2e3adeea43bc97002c8\",\"name\":\"Daniel Rosendahl\",\"image\":{\"@type\":\"ImageObject\",\"inLanguage\":\"sv-SE\",\"@id\":\"https:\\\/\\\/secure.gravatar.com\\\/avatar\\\/f36e29660179c24c3ea92d445a4ada0dff0ce23106cf47712832fbc16628fdf0?s=96&d=mm&r=g\",\"url\":\"https:\\\/\\\/secure.gravatar.com\\\/avatar\\\/f36e29660179c24c3ea92d445a4ada0dff0ce23106cf47712832fbc16628fdf0?s=96&d=mm&r=g\",\"contentUrl\":\"https:\\\/\\\/secure.gravatar.com\\\/avatar\\\/f36e29660179c24c3ea92d445a4ada0dff0ce23106cf47712832fbc16628fdf0?s=96&d=mm&r=g\",\"caption\":\"Daniel Rosendahl\"},\"description\":\"Startade och driver GrapplingBloggen sen 2009.\",\"sameAs\":[\"https:\\\/\\\/grapplingbloggen.se\"],\"url\":\"https:\\\/\\\/grapplingbloggen.se\\\/?author=2\"}]}<\/script>\n<!-- \/ Yoast SEO plugin. -->","yoast_head_json":{"title":"Intervju: Leticia Ribeiro - Grapplingbloggen","robots":{"index":"index","follow":"follow","max-snippet":"max-snippet:-1","max-image-preview":"max-image-preview:large","max-video-preview":"max-video-preview:-1"},"canonical":"https:\/\/grapplingbloggen.se\/?p=9771","twitter_card":"summary_large_image","twitter_title":"Intervju: Leticia Ribeiro - Grapplingbloggen","twitter_description":"Leticia Ribeiro kommer att vara instukt\u00f6r p\u00e5 Girls Only l\u00e4gret som \u00e4r den 2-4 mars 2012. How and when did start training Jiu-Jitsu? It was in 1995 at Gracie Tijuca. I was teenager and I did not like to work out a lot and be at the gym to be &#8221;fit\u201d, like lifting weights. I&hellip;","twitter_image":"http:\/\/farm7.staticflickr.com\/6027\/5957174702_132838eafe.jpg","twitter_misc":{"Skriven av":"Daniel Rosendahl","Ber\u00e4knad l\u00e4stid":"4 minuter"},"schema":{"@context":"https:\/\/schema.org","@graph":[{"@type":"Article","@id":"https:\/\/grapplingbloggen.se\/?p=9771#article","isPartOf":{"@id":"https:\/\/grapplingbloggen.se\/?p=9771"},"author":{"name":"Daniel Rosendahl","@id":"https:\/\/grapplingbloggen.se\/#\/schema\/person\/59368c54a5e3f2e3adeea43bc97002c8"},"headline":"Intervju: Leticia Ribeiro","datePublished":"2012-03-02T06:52:20+00:00","dateModified":"2012-03-02T07:01:18+00:00","mainEntityOfPage":{"@id":"https:\/\/grapplingbloggen.se\/?p=9771"},"wordCount":773,"commentCount":0,"publisher":{"@id":"https:\/\/grapplingbloggen.se\/#organization"},"image":{"@id":"https:\/\/grapplingbloggen.se\/?p=9771#primaryimage"},"thumbnailUrl":"http:\/\/farm7.staticflickr.com\/6027\/5957174702_132838eafe.jpg","keywords":["Leticia Ribeiro"],"articleSection":["Intervjuer","Nyheter"],"inLanguage":"sv-SE","potentialAction":[{"@type":"CommentAction","name":"Comment","target":["https:\/\/grapplingbloggen.se\/?p=9771#respond"]}]},{"@type":"WebPage","@id":"https:\/\/grapplingbloggen.se\/?p=9771","url":"https:\/\/grapplingbloggen.se\/?p=9771","name":"Intervju: Leticia Ribeiro - Grapplingbloggen","isPartOf":{"@id":"https:\/\/grapplingbloggen.se\/#website"},"primaryImageOfPage":{"@id":"https:\/\/grapplingbloggen.se\/?p=9771#primaryimage"},"image":{"@id":"https:\/\/grapplingbloggen.se\/?p=9771#primaryimage"},"thumbnailUrl":"http:\/\/farm7.staticflickr.com\/6027\/5957174702_132838eafe.jpg","datePublished":"2012-03-02T06:52:20+00:00","dateModified":"2012-03-02T07:01:18+00:00","breadcrumb":{"@id":"https:\/\/grapplingbloggen.se\/?p=9771#breadcrumb"},"inLanguage":"sv-SE","potentialAction":[{"@type":"ReadAction","target":["https:\/\/grapplingbloggen.se\/?p=9771"]}]},{"@type":"ImageObject","inLanguage":"sv-SE","@id":"https:\/\/grapplingbloggen.se\/?p=9771#primaryimage","url":"http:\/\/farm7.staticflickr.com\/6027\/5957174702_132838eafe.jpg","contentUrl":"http:\/\/farm7.staticflickr.com\/6027\/5957174702_132838eafe.jpg"},{"@type":"BreadcrumbList","@id":"https:\/\/grapplingbloggen.se\/?p=9771#breadcrumb","itemListElement":[{"@type":"ListItem","position":1,"name":"Hem","item":"https:\/\/grapplingbloggen.se\/"},{"@type":"ListItem","position":2,"name":"Intervju: Leticia Ribeiro"}]},{"@type":"WebSite","@id":"https:\/\/grapplingbloggen.se\/#website","url":"https:\/\/grapplingbloggen.se\/","name":"Grapplingbloggen","description":"","publisher":{"@id":"https:\/\/grapplingbloggen.se\/#organization"},"potentialAction":[{"@type":"SearchAction","target":{"@type":"EntryPoint","urlTemplate":"https:\/\/grapplingbloggen.se\/?s={search_term_string}"},"query-input":{"@type":"PropertyValueSpecification","valueRequired":true,"valueName":"search_term_string"}}],"inLanguage":"sv-SE"},{"@type":"Organization","@id":"https:\/\/grapplingbloggen.se\/#organization","name":"Grapplingbloggen","url":"https:\/\/grapplingbloggen.se\/","logo":{"@type":"ImageObject","inLanguage":"sv-SE","@id":"https:\/\/grapplingbloggen.se\/#\/schema\/logo\/image\/","url":"https:\/\/grapplingbloggen.se\/wp-content\/uploads\/2017\/04\/cropped-grapplingbloggen-logo-2017-v2.png","contentUrl":"https:\/\/grapplingbloggen.se\/wp-content\/uploads\/2017\/04\/cropped-grapplingbloggen-logo-2017-v2.png","width":570,"height":110,"caption":"Grapplingbloggen"},"image":{"@id":"https:\/\/grapplingbloggen.se\/#\/schema\/logo\/image\/"}},{"@type":"Person","@id":"https:\/\/grapplingbloggen.se\/#\/schema\/person\/59368c54a5e3f2e3adeea43bc97002c8","name":"Daniel Rosendahl","image":{"@type":"ImageObject","inLanguage":"sv-SE","@id":"https:\/\/secure.gravatar.com\/avatar\/f36e29660179c24c3ea92d445a4ada0dff0ce23106cf47712832fbc16628fdf0?s=96&d=mm&r=g","url":"https:\/\/secure.gravatar.com\/avatar\/f36e29660179c24c3ea92d445a4ada0dff0ce23106cf47712832fbc16628fdf0?s=96&d=mm&r=g","contentUrl":"https:\/\/secure.gravatar.com\/avatar\/f36e29660179c24c3ea92d445a4ada0dff0ce23106cf47712832fbc16628fdf0?s=96&d=mm&r=g","caption":"Daniel Rosendahl"},"description":"Startade och driver GrapplingBloggen sen 2009.","sameAs":["https:\/\/grapplingbloggen.se"],"url":"https:\/\/grapplingbloggen.se\/?author=2"}]}},"_links":{"self":[{"href":"https:\/\/grapplingbloggen.se\/index.php?rest_route=\/wp\/v2\/posts\/9771","targetHints":{"allow":["GET"]}}],"collection":[{"href":"https:\/\/grapplingbloggen.se\/index.php?rest_route=\/wp\/v2\/posts"}],"about":[{"href":"https:\/\/grapplingbloggen.se\/index.php?rest_route=\/wp\/v2\/types\/post"}],"author":[{"embeddable":true,"href":"https:\/\/grapplingbloggen.se\/index.php?rest_route=\/wp\/v2\/users\/2"}],"replies":[{"embeddable":true,"href":"https:\/\/grapplingbloggen.se\/index.php?rest_route=%2Fwp%2Fv2%2Fcomments&post=9771"}],"version-history":[{"count":0,"href":"https:\/\/grapplingbloggen.se\/index.php?rest_route=\/wp\/v2\/posts\/9771\/revisions"}],"wp:attachment":[{"href":"https:\/\/grapplingbloggen.se\/index.php?rest_route=%2Fwp%2Fv2%2Fmedia&parent=9771"}],"wp:term":[{"taxonomy":"category","embeddable":true,"href":"https:\/\/grapplingbloggen.se\/index.php?rest_route=%2Fwp%2Fv2%2Fcategories&post=9771"},{"taxonomy":"post_tag","embeddable":true,"href":"https:\/\/grapplingbloggen.se\/index.php?rest_route=%2Fwp%2Fv2%2Ftags&post=9771"}],"curies":[{"name":"wp","href":"https:\/\/api.w.org\/{rel}","templated":true}]}}